{"id":725,"date":"2025-01-21T16:37:41","date_gmt":"2025-01-21T15:37:41","guid":{"rendered":"https:\/\/marseilleavantapres.fr\/?p=725"},"modified":"2025-01-21T16:37:42","modified_gmt":"2025-01-21T15:37:42","slug":"leveche","status":"publish","type":"post","link":"https:\/\/marseilleavantapres.fr\/index.php\/2025\/01\/21\/leveche\/","title":{"rendered":"L&rsquo;\u00c9v\u00each\u00e9"},"content":{"rendered":"\t\t<div data-elementor-type=\"wp-post\" data-elementor-id=\"725\" class=\"elementor elementor-725\" data-elementor-post-type=\"post\">\n\t\t\t\t<div class=\"elementor-element elementor-element-9c8a7bb e-flex e-con-boxed e-con e-parent\" data-id=\"9c8a7bb\" data-element_type=\"container\">\n\t\t\t\t\t<div class=\"e-con-inner\">\n\t\t\t\t<div class=\"elementor-element elementor-element-342ea51 elementor-widget elementor-widget-image\" data-id=\"342ea51\" data-element_type=\"widget\" data-widget_type=\"image.default\">\n\t\t\t\t<div class=\"elementor-widget-container\">\n\t\t\t\t\t\t\t\t\t\t\t\t\t\t\t<img fetchpriority=\"high\" decoding=\"async\" width=\"580\" height=\"376\" src=\"https:\/\/marseilleavantapres.fr\/wp-content\/uploads\/2025\/01\/00-Eveche-photomontage-1024x664.jpg\" class=\"attachment-large size-large wp-image-726\" alt=\"\u00c9v\u00each\u00e9 marseille avant apres panier la major\" srcset=\"https:\/\/marseilleavantapres.fr\/wp-content\/uploads\/2025\/01\/00-Eveche-photomontage-1024x664.jpg 1024w, https:\/\/marseilleavantapres.fr\/wp-content\/uploads\/2025\/01\/00-Eveche-photomontage-300x194.jpg 300w, https:\/\/marseilleavantapres.fr\/wp-content\/uploads\/2025\/01\/00-Eveche-photomontage-768x498.jpg 768w, https:\/\/marseilleavantapres.fr\/wp-content\/uploads\/2025\/01\/00-Eveche-photomontage.jpg 1080w\" sizes=\"(max-width: 580px) 100vw, 580px\" \/>\t\t\t\t\t\t\t\t\t\t\t\t\t\t\t<\/div>\n\t\t\t\t<\/div>\n\t\t\t\t\t<\/div>\n\t\t\t\t<\/div>\n\t\t<div class=\"elementor-element elementor-element-9b0cd85 e-flex e-con-boxed e-con e-parent\" data-id=\"9b0cd85\" data-element_type=\"container\">\n\t\t\t\t\t<div class=\"e-con-inner\">\n\t\t\t\t<div class=\"elementor-element elementor-element-b748d9e elementor-widget elementor-widget-text-editor\" data-id=\"b748d9e\" data-element_type=\"widget\" data-widget_type=\"text-editor.default\">\n\t\t\t\t<div class=\"elementor-widget-container\">\n\t\t\t\t\t\t\t\t\t<p>H\u00f4tel de Police, Ancien \u00c9v\u00each\u00e9. (apr\u00e8s 1908)<\/p><p>A Marseille, aller \u00e0 l\u2019\u00c9v\u00each\u00e9 n\u2019a rien \u00e0 voir avec la religion, \u00e0 la limite peut-\u00eatre avec la confession\u2026 Et c\u2019est g\u00e9n\u00e9ralement mauvais signe. Car l\u2019\u00c9v\u00each\u00e9 est une m\u00e9tonymie pour nommer l\u2019h\u00f4tel de Police.<\/p><p>Ce grand b\u00e2timent, situ\u00e9 \u00e0 l\u2019entr\u00e9e du Panier et face \u00e0 la Major, est connu pour abriter le si\u00e8ge de la police marseillaise depuis 1908, suite \u00e0 la s\u00e9paration de l\u2019\u00c9glise et de l\u2019\u00c9tat. Jusque-l\u00e0, l\u2019\u00c9v\u00each\u00e9 \u00e9tait la r\u00e9sidence de l\u2019\u00e9v\u00eaque de Marseille, aussi appel\u00e9 \u00ab palais \u00e9piscopal \u00bb.<\/p><p>Cet \u00e9difice date de la fin du 17e. Durant la R\u00e9volution, on y installe une fonderie pour couler des armes, avec le m\u00e9tal des cloches des \u00e9glises. Il est restitu\u00e9 au culte \u00e0 la Restauration. En 1870, la cour d\u2019honneur est cl\u00f4tur\u00e9e par un grand mur, l\u2019acc\u00e8s se fait alors par une grande porte encore utilis\u00e9e de nos jours.<\/p><p>Depuis plus 110 ans, c\u2019est le si\u00e8ge des forces de l\u2019ordre, l\u00e0 o\u00f9 se croisent flics et voyous. L\u2019aristocratie de la p\u00e8gre marseillaise s\u2019y est faite tirer le portrait. Et cela continue de nos jours. Mais plus pour tr\u00e8s longtemps, les locaux sont trop v\u00e9tustes, en t\u00e9moignent les filets antichutes pr\u00e9sents sur certaines fa\u00e7ades. L\u2019H\u00f4tel de Police devrait d\u00e9m\u00e9nager d\u2019ici quelques ann\u00e9es.<\/p><p>\ud83d\udcf8 6 Fi 4235 &#8211; Archive Dept 13<\/p><p>Initialement publi\u00e9 sur Instagram le 28 novembre 2024<\/p>\t\t\t\t\t\t\t\t<\/div>\n\t\t\t\t<\/div>\n\t\t\t\t\t<\/div>\n\t\t\t\t<\/div>\n\t\t<div class=\"elementor-element elementor-element-9d9f488 e-flex e-con-boxed e-con e-parent\" data-id=\"9d9f488\" data-element_type=\"container\">\n\t\t\t\t\t<div class=\"e-con-inner\">\n\t\t\t\t<div class=\"elementor-element elementor-element-63b9b51 elementor-widget elementor-widget-qi_addons_for_elementor_before_after\" data-id=\"63b9b51\" data-element_type=\"widget\" data-widget_type=\"qi_addons_for_elementor_before_after.default\">\n\t\t\t\t<div class=\"elementor-widget-container\">\n\t\t\t\t\t<div class=\"qodef-shortcode qodef-m  qodef-qi-before-after qodef--horizontal\">\n\t<div class=\"qodef-before-after-image-holder qodef-m-image\" data-offset=\"50\">\n\t\t<img decoding=\"async\" width=\"1080\" height=\"700\" src=\"https:\/\/marseilleavantapres.fr\/wp-content\/uploads\/2025\/01\/01-Eveche-avant.jpg\" class=\"attachment-full size-full\" alt=\"\u00c9v\u00each\u00e9 marseille avant apres panier la major\" srcset=\"https:\/\/marseilleavantapres.fr\/wp-content\/uploads\/2025\/01\/01-Eveche-avant.jpg 1080w, https:\/\/marseilleavantapres.fr\/wp-content\/uploads\/2025\/01\/01-Eveche-avant-300x194.jpg 300w, https:\/\/marseilleavantapres.fr\/wp-content\/uploads\/2025\/01\/01-Eveche-avant-1024x664.jpg 1024w, https:\/\/marseilleavantapres.fr\/wp-content\/uploads\/2025\/01\/01-Eveche-avant-768x498.jpg 768w\" sizes=\"(max-width: 1080px) 100vw, 1080px\" \/><img decoding=\"async\" width=\"1080\" height=\"700\" src=\"https:\/\/marseilleavantapres.fr\/wp-content\/uploads\/2025\/01\/02-Eveche-apres.jpg\" class=\"attachment-full size-full\" alt=\"\u00c9v\u00each\u00e9 marseille avant apres panier la major\" srcset=\"https:\/\/marseilleavantapres.fr\/wp-content\/uploads\/2025\/01\/02-Eveche-apres.jpg 1080w, https:\/\/marseilleavantapres.fr\/wp-content\/uploads\/2025\/01\/02-Eveche-apres-300x194.jpg 300w, https:\/\/marseilleavantapres.fr\/wp-content\/uploads\/2025\/01\/02-Eveche-apres-1024x664.jpg 1024w, https:\/\/marseilleavantapres.fr\/wp-content\/uploads\/2025\/01\/02-Eveche-apres-768x498.jpg 768w\" sizes=\"(max-width: 1080px) 100vw, 1080px\" \/>\t<\/div>\n\t\t\t<div class=\"qodef-handle-text\">\n\t\t\tGlisser\t\t<\/div>\n\t<\/div>\n\t\t\t\t<\/div>\n\t\t\t\t<\/div>\n\t\t\t\t\t<\/div>\n\t\t\t\t<\/div>\n\t\t\t\t<\/div>\n\t\t","protected":false},"excerpt":{"rendered":"<p>H\u00f4tel de Police, Ancien \u00c9v\u00each\u00e9. (apr\u00e8s 1908) A Marseille, aller \u00e0 l\u2019\u00c9v\u00each\u00e9 n\u2019a rien \u00e0 voir avec la religion, \u00e0 la limite peut-\u00eatre avec la confession\u2026 Et c\u2019est g\u00e9n\u00e9ralement mauvais signe. Car l\u2019\u00c9v\u00each\u00e9 est une m\u00e9tonymie pour nommer l\u2019h\u00f4tel de Police. Ce grand b\u00e2timent, situ\u00e9 \u00e0 l\u2019entr\u00e9e du Panier et face \u00e0 la Major, est [&hellip;]<\/p>\n","protected":false},"author":1,"featured_media":726,"comment_status":"open","ping_status":"open","sticky":false,"template":"","format":"standard","meta":{"footnotes":""},"categories":[4],"tags":[5],"class_list":["post-725","post","type-post","status-publish","format-standard","has-post-thumbnail","hentry","category-avant-apres","tag-avant-apres"],"_links":{"self":[{"href":"https:\/\/marseilleavantapres.fr\/index.php\/wp-json\/wp\/v2\/posts\/725","targetHints":{"allow":["GET"]}}],"collection":[{"href":"https:\/\/marseilleavantapres.fr\/index.php\/wp-json\/wp\/v2\/posts"}],"about":[{"href":"https:\/\/marseilleavantapres.fr\/index.php\/wp-json\/wp\/v2\/types\/post"}],"author":[{"embeddable":true,"href":"https:\/\/marseilleavantapres.fr\/index.php\/wp-json\/wp\/v2\/users\/1"}],"replies":[{"embeddable":true,"href":"https:\/\/marseilleavantapres.fr\/index.php\/wp-json\/wp\/v2\/comments?post=725"}],"version-history":[{"count":4,"href":"https:\/\/marseilleavantapres.fr\/index.php\/wp-json\/wp\/v2\/posts\/725\/revisions"}],"predecessor-version":[{"id":732,"href":"https:\/\/marseilleavantapres.fr\/index.php\/wp-json\/wp\/v2\/posts\/725\/revisions\/732"}],"wp:featuredmedia":[{"embeddable":true,"href":"https:\/\/marseilleavantapres.fr\/index.php\/wp-json\/wp\/v2\/media\/726"}],"wp:attachment":[{"href":"https:\/\/marseilleavantapres.fr\/index.php\/wp-json\/wp\/v2\/media?parent=725"}],"wp:term":[{"taxonomy":"category","embeddable":true,"href":"https:\/\/marseilleavantapres.fr\/index.php\/wp-json\/wp\/v2\/categories?post=725"},{"taxonomy":"post_tag","embeddable":true,"href":"https:\/\/marseilleavantapres.fr\/index.php\/wp-json\/wp\/v2\/tags?post=725"}],"curies":[{"name":"wp","href":"https:\/\/api.w.org\/{rel}","templated":true}]}}