{"id":668,"date":"2025-01-21T15:29:13","date_gmt":"2025-01-21T14:29:13","guid":{"rendered":"https:\/\/marseilleavantapres.fr\/?p=668"},"modified":"2025-01-21T15:29:14","modified_gmt":"2025-01-21T14:29:14","slug":"place-sebastopol","status":"publish","type":"post","link":"https:\/\/marseilleavantapres.fr\/index.php\/2025\/01\/21\/place-sebastopol\/","title":{"rendered":"Place S\u00e9bastopol"},"content":{"rendered":"\t\t<div data-elementor-type=\"wp-post\" data-elementor-id=\"668\" class=\"elementor elementor-668\" data-elementor-post-type=\"post\">\n\t\t\t\t<div class=\"elementor-element elementor-element-34e7669 e-flex e-con-boxed e-con e-parent\" data-id=\"34e7669\" data-element_type=\"container\">\n\t\t\t\t\t<div class=\"e-con-inner\">\n\t\t\t\t<div class=\"elementor-element elementor-element-48372aa elementor-widget elementor-widget-image\" data-id=\"48372aa\" data-element_type=\"widget\" data-widget_type=\"image.default\">\n\t\t\t\t<div class=\"elementor-widget-container\">\n\t\t\t\t\t\t\t\t\t\t\t\t\t\t\t<img fetchpriority=\"high\" decoding=\"async\" width=\"580\" height=\"451\" src=\"https:\/\/marseilleavantapres.fr\/wp-content\/uploads\/2025\/01\/00-sebastopol-montage.jpg\" class=\"attachment-large size-large wp-image-669\" alt=\"place sebastopol marseille avant apres\" srcset=\"https:\/\/marseilleavantapres.fr\/wp-content\/uploads\/2025\/01\/00-sebastopol-montage.jpg 625w, https:\/\/marseilleavantapres.fr\/wp-content\/uploads\/2025\/01\/00-sebastopol-montage-300x233.jpg 300w\" sizes=\"(max-width: 580px) 100vw, 580px\" \/>\t\t\t\t\t\t\t\t\t\t\t\t\t\t\t<\/div>\n\t\t\t\t<\/div>\n\t\t\t\t\t<\/div>\n\t\t\t\t<\/div>\n\t\t<div class=\"elementor-element elementor-element-3aa5221 e-flex e-con-boxed e-con e-parent\" data-id=\"3aa5221\" data-element_type=\"container\">\n\t\t\t\t\t<div class=\"e-con-inner\">\n\t\t\t\t<div class=\"elementor-element elementor-element-0d0d115 elementor-widget elementor-widget-text-editor\" data-id=\"0d0d115\" data-element_type=\"widget\" data-widget_type=\"text-editor.default\">\n\t\t\t\t<div class=\"elementor-widget-container\">\n\t\t\t\t\t\t\t\t\t<p>\u2b05\ufe0f La place S\u00e9bastopol dans les ann\u00e9es 1960<\/p><p>Cette place, nich\u00e9e au c\u0153ur du quartier du Camas, a \u00e9t\u00e9 cr\u00e9\u00e9e en 1865. Son nom est une r\u00e9f\u00e9rence \u00e0 la ville de S\u00e9bastopol, en Crim\u00e9e. Non pas \u00e0 l\u2019annexion ill\u00e9gale de cette partie de l\u2019Ukraine par la Russie en 2014, mais bien au si\u00e8ge men\u00e9 par les Fran\u00e7ais et les Anglais en 1855.<\/p><p>C\u2019est un \u00e9pisode de la guerre de Crim\u00e9e, d\u00e9clench\u00e9e par la France et l\u2019Empire Britannique pour contrecarrer les vell\u00e9it\u00e9s d\u2019extension de l\u2019Empire Russe, notamment envers l\u2019Empire Ottoman. Apr\u00e8s un d\u00e9barquement de troupes dans la p\u00e9ninsule, les forces alli\u00e9es gagnent la bataille de l\u2019Alma, qui donna son nom au fameux pont parisien. Mais, ne profitant pas de cette premi\u00e8re victoire surprenante, les Europ\u00e9ens temporisent ce qui laisse le temps \u00e0 la Russie de pr\u00e9parer ses d\u00e9fenses dans la ville de S\u00e9bastopol. Le si\u00e8ge durera 11 mois, et fera plus de 700 000 morts, principalement \u00e0 cause de la famine et des maladies. La guerre prend fin en 1856, elle est consid\u00e9r\u00e9e par de nombreux historiens comme la premi\u00e8re \u201cguerre moderne\u201d de part son usage de nouvelles technologies comme les bateaux \u00e0 vapeur, le chemin de fer, les fusils \u00e0 canon ray\u00e9, le t\u00e9l\u00e9graphe et la premi\u00e8re couverture photographique d\u2019un conflit par les britanniques.<\/p><p>Bord\u00e9e de commerces, la place S\u00e9bastopol accueille 6\/7j (sauf le dimanche) un march\u00e9 dynamique. La Mairie de Marseille et la Mairie de secteur 4\/5e ont lanc\u00e9 des concertations citoyennes en vue de sa requalification. Les premi\u00e8res \u00e9tapes ont eu lieu en 2023\/2024, des tests d\u2019am\u00e9nagement provisoire doivent voir le jour d\u00e8s 2025 pour ensuite laisser place aux travaux d\u2019envergure.<\/p><p>\ud83d\udcf8 Images d&rsquo;archives tir\u00e9 du site internet de la Ville de Marseille<\/p><p>Initialement publi\u00e9 sur Instagram le 6 janvier 2025<\/p>\t\t\t\t\t\t\t\t<\/div>\n\t\t\t\t<\/div>\n\t\t\t\t\t<\/div>\n\t\t\t\t<\/div>\n\t\t<div class=\"elementor-element elementor-element-e219a43 e-flex e-con-boxed e-con e-parent\" data-id=\"e219a43\" data-element_type=\"container\">\n\t\t\t\t\t<div class=\"e-con-inner\">\n\t\t\t\t<div class=\"elementor-element elementor-element-bbf54f6 elementor-widget elementor-widget-qi_addons_for_elementor_before_after\" data-id=\"bbf54f6\" data-element_type=\"widget\" data-widget_type=\"qi_addons_for_elementor_before_after.default\">\n\t\t\t\t<div class=\"elementor-widget-container\">\n\t\t\t\t\t<div class=\"qodef-shortcode qodef-m  qodef-qi-before-after qodef--horizontal\">\n\t<div class=\"qodef-before-after-image-holder qodef-m-image\" data-offset=\"50\">\n\t\t<img decoding=\"async\" width=\"625\" height=\"486\" src=\"https:\/\/marseilleavantapres.fr\/wp-content\/uploads\/2025\/01\/01-sebastopol-avant.jpg\" class=\"attachment-full size-full\" alt=\"\" srcset=\"https:\/\/marseilleavantapres.fr\/wp-content\/uploads\/2025\/01\/01-sebastopol-avant.jpg 625w, https:\/\/marseilleavantapres.fr\/wp-content\/uploads\/2025\/01\/01-sebastopol-avant-300x233.jpg 300w\" sizes=\"(max-width: 625px) 100vw, 625px\" \/><img decoding=\"async\" width=\"625\" height=\"486\" src=\"https:\/\/marseilleavantapres.fr\/wp-content\/uploads\/2025\/01\/02-sebastopol-apres.jpg\" class=\"attachment-full size-full\" alt=\"\" srcset=\"https:\/\/marseilleavantapres.fr\/wp-content\/uploads\/2025\/01\/02-sebastopol-apres.jpg 625w, https:\/\/marseilleavantapres.fr\/wp-content\/uploads\/2025\/01\/02-sebastopol-apres-300x233.jpg 300w\" sizes=\"(max-width: 625px) 100vw, 625px\" \/>\t<\/div>\n\t\t\t<div class=\"qodef-handle-text\">\n\t\t\tGlisser\t\t<\/div>\n\t<\/div>\n\t\t\t\t<\/div>\n\t\t\t\t<\/div>\n\t\t\t\t\t<\/div>\n\t\t\t\t<\/div>\n\t\t\t\t<\/div>\n\t\t","protected":false},"excerpt":{"rendered":"<p>\u2b05\ufe0f La place S\u00e9bastopol dans les ann\u00e9es 1960 Cette place, nich\u00e9e au c\u0153ur du quartier du Camas, a \u00e9t\u00e9 cr\u00e9\u00e9e en 1865. Son nom est une r\u00e9f\u00e9rence \u00e0 la ville de S\u00e9bastopol, en Crim\u00e9e. Non pas \u00e0 l\u2019annexion ill\u00e9gale de cette partie de l\u2019Ukraine par la Russie en 2014, mais bien au si\u00e8ge men\u00e9 par [&hellip;]<\/p>\n","protected":false},"author":1,"featured_media":669,"comment_status":"open","ping_status":"open","sticky":false,"template":"","format":"standard","meta":{"footnotes":""},"categories":[4],"tags":[5],"class_list":["post-668","post","type-post","status-publish","format-standard","has-post-thumbnail","hentry","category-avant-apres","tag-avant-apres"],"_links":{"self":[{"href":"https:\/\/marseilleavantapres.fr\/index.php\/wp-json\/wp\/v2\/posts\/668","targetHints":{"allow":["GET"]}}],"collection":[{"href":"https:\/\/marseilleavantapres.fr\/index.php\/wp-json\/wp\/v2\/posts"}],"about":[{"href":"https:\/\/marseilleavantapres.fr\/index.php\/wp-json\/wp\/v2\/types\/post"}],"author":[{"embeddable":true,"href":"https:\/\/marseilleavantapres.fr\/index.php\/wp-json\/wp\/v2\/users\/1"}],"replies":[{"embeddable":true,"href":"https:\/\/marseilleavantapres.fr\/index.php\/wp-json\/wp\/v2\/comments?post=668"}],"version-history":[{"count":7,"href":"https:\/\/marseilleavantapres.fr\/index.php\/wp-json\/wp\/v2\/posts\/668\/revisions"}],"predecessor-version":[{"id":678,"href":"https:\/\/marseilleavantapres.fr\/index.php\/wp-json\/wp\/v2\/posts\/668\/revisions\/678"}],"wp:featuredmedia":[{"embeddable":true,"href":"https:\/\/marseilleavantapres.fr\/index.php\/wp-json\/wp\/v2\/media\/669"}],"wp:attachment":[{"href":"https:\/\/marseilleavantapres.fr\/index.php\/wp-json\/wp\/v2\/media?parent=668"}],"wp:term":[{"taxonomy":"category","embeddable":true,"href":"https:\/\/marseilleavantapres.fr\/index.php\/wp-json\/wp\/v2\/categories?post=668"},{"taxonomy":"post_tag","embeddable":true,"href":"https:\/\/marseilleavantapres.fr\/index.php\/wp-json\/wp\/v2\/tags?post=668"}],"curies":[{"name":"wp","href":"https:\/\/api.w.org\/{rel}","templated":true}]}}