{"id":655,"date":"2025-01-21T15:23:58","date_gmt":"2025-01-21T14:23:58","guid":{"rendered":"https:\/\/marseilleavantapres.fr\/?p=655"},"modified":"2025-01-21T15:23:59","modified_gmt":"2025-01-21T14:23:59","slug":"la-place-daix","status":"publish","type":"post","link":"https:\/\/marseilleavantapres.fr\/index.php\/2025\/01\/21\/la-place-daix\/","title":{"rendered":"La place d&rsquo;Aix"},"content":{"rendered":"\t\t<div data-elementor-type=\"wp-post\" data-elementor-id=\"655\" class=\"elementor elementor-655\" data-elementor-post-type=\"post\">\n\t\t\t\t<div class=\"elementor-element elementor-element-e707e76 e-flex e-con-boxed e-con e-parent\" data-id=\"e707e76\" data-element_type=\"container\">\n\t\t\t\t\t<div class=\"e-con-inner\">\n\t\t\t\t<div class=\"elementor-element elementor-element-b261011 elementor-widget elementor-widget-image\" data-id=\"b261011\" data-element_type=\"widget\" data-widget_type=\"image.default\">\n\t\t\t\t<div class=\"elementor-widget-container\">\n\t\t\t\t\t\t\t\t\t\t\t\t\t\t\t<img fetchpriority=\"high\" decoding=\"async\" width=\"580\" height=\"375\" src=\"https:\/\/marseilleavantapres.fr\/wp-content\/uploads\/2025\/01\/00-place-daix-frontal-photomontage.jpg\" class=\"attachment-large size-large wp-image-656\" alt=\"place d&#039;aix porte d&#039;aix arc de triomphe marseille avant apres\" srcset=\"https:\/\/marseilleavantapres.fr\/wp-content\/uploads\/2025\/01\/00-place-daix-frontal-photomontage.jpg 825w, https:\/\/marseilleavantapres.fr\/wp-content\/uploads\/2025\/01\/00-place-daix-frontal-photomontage-300x194.jpg 300w, https:\/\/marseilleavantapres.fr\/wp-content\/uploads\/2025\/01\/00-place-daix-frontal-photomontage-768x497.jpg 768w\" sizes=\"(max-width: 580px) 100vw, 580px\" \/>\t\t\t\t\t\t\t\t\t\t\t\t\t\t\t<\/div>\n\t\t\t\t<\/div>\n\t\t\t\t\t<\/div>\n\t\t\t\t<\/div>\n\t\t<div class=\"elementor-element elementor-element-8e8455a e-flex e-con-boxed e-con e-parent\" data-id=\"8e8455a\" data-element_type=\"container\">\n\t\t\t\t\t<div class=\"e-con-inner\">\n\t\t\t\t<div class=\"elementor-element elementor-element-6be1f69 elementor-widget elementor-widget-text-editor\" data-id=\"6be1f69\" data-element_type=\"widget\" data-widget_type=\"text-editor.default\">\n\t\t\t\t<div class=\"elementor-widget-container\">\n\t\t\t\t\t\t\t\t\t<p>\u2b05\ufe0f La Place d\u2019Aix et l\u2019Arc de Triomphe (carte datant de 1915)<\/p><p>\ud83d\udc51 Le projet d\u2019un arc de triomphe en l\u2019honneur du roi Louis XVI date de 1784, mais suite \u00e0 la R\u00e9volution, l\u2019id\u00e9e n\u2019\u00e9tait plus trop \u00e0 la mode\u2026 Elle est r\u00e9activ\u00e9e dans les ann\u00e9es 1820 pour honorer la victoire de l\u2019arm\u00e9e fran\u00e7aise lors de la bataille du Trocad\u00e9ro (en Espagne, pas \u00e0 Paris&#8230; \ud83d\ude05) et son chef de l\u2019\u00e9poque, le Duc d\u2019Angoul\u00eame, alors Dauphin de France. C\u2019est donc un b\u00e2timent \u00e0 la gloire des r\u00e9ussites militaires de la Nation, dans la tradition des arcs de triomphe de la Rome antique. Ce type d\u2019ouvrage \u00e9tait en effet utilis\u00e9 pour c\u00e9l\u00e9brer une victoire militaire, l\u2019accession au tr\u00f4ne d\u2019un nouvel empereur ou d\u2019autres \u00e9v\u00e9nements marquants de l\u2019Empire.<\/p><p>\ud83d\udea7 La construction d\u00e9bute en 1825 et se termine en 1833. Il mesure 17,63 m de hauteur et de largeur, son arcade fait 6,13 m d\u2019ouverture et 10,40 de haut. Inspir\u00e9 par l\u2019arc de triomphe d\u2019Orange, il est richement orn\u00e9 de d\u00e9corations et de statues, domine la colline et trace une perspective via la rue d\u2019Aix, le cours Belsunce, la rue de Rome jusqu\u2019\u00e0 l\u2019ob\u00e9lisque qui tr\u00f4ne alors place Castellane. Et c\u2019est pas moi qui le dis, mais Stendhal ! Espant\u00e9 par le monument, le grand \u00e9crivain en fait le centre de sa description de la ville lors du passage de ses m\u00e9moires consacr\u00e9 \u00e0 Marseille.<\/p><p>\ud83d\ude97 Avant, un aqueduc traversait la place pour alimenter les quartiers ouest en eau d\u00e9tourn\u00e9e des rivi\u00e8res environnantes. Un reste de l\u2019arche se trouve encore \u00e0 c\u00f4t\u00e9 du si\u00e8ge du Conseil R\u00e9gional. Apr\u00e8s, il a \u00e9t\u00e9 d\u00e9cid\u00e9 de faire entrer l\u2019autoroute directement dans la ville ! Ce qui a transform\u00e9 la place en un gros rond point bouchonn\u00e9, entour\u00e9 de terrain vague\u2026 On s\u2019est rendu compte que ce n\u2019\u00e9tait pas une tr\u00e8s bonne id\u00e9e (apr\u00e8s quelques d\u00e9cennies, tout de m\u00eame\u2026) et l\u2019autoroute a \u00e9t\u00e9 d\u00e9vi\u00e9e. Les abords de la place sont \u00e0 peine r\u00e9am\u00e9nag\u00e9s, laissant entrevoir un avenir un plus pacifique que sa raison d\u2019\u00eatre initiale.<\/p><p>\u00a9 Archives Bouche du Rh\u00f4ne &#8211; 6 Fi 3901 et 6 Fi 3904<\/p>\t\t\t\t\t\t\t\t<\/div>\n\t\t\t\t<\/div>\n\t\t\t\t\t<\/div>\n\t\t\t\t<\/div>\n\t\t<div class=\"elementor-element elementor-element-6a30bb5 e-flex e-con-boxed e-con e-parent\" data-id=\"6a30bb5\" data-element_type=\"container\">\n\t\t\t\t\t<div class=\"e-con-inner\">\n\t\t\t\t<div class=\"elementor-element elementor-element-2f7975c elementor-widget elementor-widget-qi_addons_for_elementor_before_after\" data-id=\"2f7975c\" data-element_type=\"widget\" data-widget_type=\"qi_addons_for_elementor_before_after.default\">\n\t\t\t\t<div class=\"elementor-widget-container\">\n\t\t\t\t\t<div class=\"qodef-shortcode qodef-m  qodef-qi-before-after qodef--horizontal\">\n\t<div class=\"qodef-before-after-image-holder qodef-m-image\" data-offset=\"50\">\n\t\t<img decoding=\"async\" width=\"825\" height=\"534\" src=\"https:\/\/marseilleavantapres.fr\/wp-content\/uploads\/2025\/01\/01-place-daix-frontal-avant.jpg\" class=\"attachment-full size-full\" alt=\"place d&#039;aix porte d&#039;aix arc de triomphe marseille avant apres\" srcset=\"https:\/\/marseilleavantapres.fr\/wp-content\/uploads\/2025\/01\/01-place-daix-frontal-avant.jpg 825w, https:\/\/marseilleavantapres.fr\/wp-content\/uploads\/2025\/01\/01-place-daix-frontal-avant-300x194.jpg 300w, https:\/\/marseilleavantapres.fr\/wp-content\/uploads\/2025\/01\/01-place-daix-frontal-avant-768x497.jpg 768w\" sizes=\"(max-width: 825px) 100vw, 825px\" \/><img decoding=\"async\" width=\"825\" height=\"534\" src=\"https:\/\/marseilleavantapres.fr\/wp-content\/uploads\/2025\/01\/02-place-daix-frontal-apres.jpg\" class=\"attachment-full size-full\" alt=\"place d&#039;aix porte d&#039;aix arc de triomphe marseille avant apres\" srcset=\"https:\/\/marseilleavantapres.fr\/wp-content\/uploads\/2025\/01\/02-place-daix-frontal-apres.jpg 825w, https:\/\/marseilleavantapres.fr\/wp-content\/uploads\/2025\/01\/02-place-daix-frontal-apres-300x194.jpg 300w, https:\/\/marseilleavantapres.fr\/wp-content\/uploads\/2025\/01\/02-place-daix-frontal-apres-768x497.jpg 768w\" sizes=\"(max-width: 825px) 100vw, 825px\" \/>\t<\/div>\n\t\t\t<div class=\"qodef-handle-text\">\n\t\t\tGlisser\t\t<\/div>\n\t<\/div>\n\t\t\t\t<\/div>\n\t\t\t\t<\/div>\n\t\t\t\t\t<\/div>\n\t\t\t\t<\/div>\n\t\t<div class=\"elementor-element elementor-element-a439df3 e-flex e-con-boxed e-con e-parent\" data-id=\"a439df3\" data-element_type=\"container\">\n\t\t\t\t\t<div class=\"e-con-inner\">\n\t\t\t\t<div class=\"elementor-element elementor-element-fff7f33 elementor-widget elementor-widget-qi_addons_for_elementor_before_after\" data-id=\"fff7f33\" data-element_type=\"widget\" data-widget_type=\"qi_addons_for_elementor_before_after.default\">\n\t\t\t\t<div class=\"elementor-widget-container\">\n\t\t\t\t\t<div class=\"qodef-shortcode qodef-m  qodef-qi-before-after qodef--horizontal\">\n\t<div class=\"qodef-before-after-image-holder qodef-m-image\" data-offset=\"50\">\n\t\t<img loading=\"lazy\" decoding=\"async\" width=\"825\" height=\"534\" src=\"https:\/\/marseilleavantapres.fr\/wp-content\/uploads\/2025\/01\/03-place-daix-3_4-face-avant.jpg\" class=\"attachment-full size-full\" alt=\"place d&#039;aix porte d&#039;aix arc de triomphe marseille avant apres\" srcset=\"https:\/\/marseilleavantapres.fr\/wp-content\/uploads\/2025\/01\/03-place-daix-3_4-face-avant.jpg 825w, https:\/\/marseilleavantapres.fr\/wp-content\/uploads\/2025\/01\/03-place-daix-3_4-face-avant-300x194.jpg 300w, https:\/\/marseilleavantapres.fr\/wp-content\/uploads\/2025\/01\/03-place-daix-3_4-face-avant-768x497.jpg 768w\" sizes=\"(max-width: 825px) 100vw, 825px\" \/><img loading=\"lazy\" decoding=\"async\" width=\"825\" height=\"534\" src=\"https:\/\/marseilleavantapres.fr\/wp-content\/uploads\/2025\/01\/04-place-daix-3_4-face-apres.jpg\" class=\"attachment-full size-full\" alt=\"place d&#039;aix porte d&#039;aix arc de triomphe marseille avant apres\" srcset=\"https:\/\/marseilleavantapres.fr\/wp-content\/uploads\/2025\/01\/04-place-daix-3_4-face-apres.jpg 825w, https:\/\/marseilleavantapres.fr\/wp-content\/uploads\/2025\/01\/04-place-daix-3_4-face-apres-300x194.jpg 300w, https:\/\/marseilleavantapres.fr\/wp-content\/uploads\/2025\/01\/04-place-daix-3_4-face-apres-768x497.jpg 768w\" sizes=\"(max-width: 825px) 100vw, 825px\" \/>\t<\/div>\n\t\t\t<div class=\"qodef-handle-text\">\n\t\t\tGlisser\t\t<\/div>\n\t<\/div>\n\t\t\t\t<\/div>\n\t\t\t\t<\/div>\n\t\t\t\t\t<\/div>\n\t\t\t\t<\/div>\n\t\t\t\t<\/div>\n\t\t","protected":false},"excerpt":{"rendered":"<p>\u2b05\ufe0f La Place d\u2019Aix et l\u2019Arc de Triomphe (carte datant de 1915) \ud83d\udc51 Le projet d\u2019un arc de triomphe en l\u2019honneur du roi Louis XVI date de 1784, mais suite \u00e0 la R\u00e9volution, l\u2019id\u00e9e n\u2019\u00e9tait plus trop \u00e0 la mode\u2026 Elle est r\u00e9activ\u00e9e dans les ann\u00e9es 1820 pour honorer la victoire de l\u2019arm\u00e9e fran\u00e7aise lors [&hellip;]<\/p>\n","protected":false},"author":1,"featured_media":656,"comment_status":"open","ping_status":"open","sticky":false,"template":"","format":"standard","meta":{"footnotes":""},"categories":[4],"tags":[5],"class_list":["post-655","post","type-post","status-publish","format-standard","has-post-thumbnail","hentry","category-avant-apres","tag-avant-apres"],"_links":{"self":[{"href":"https:\/\/marseilleavantapres.fr\/index.php\/wp-json\/wp\/v2\/posts\/655","targetHints":{"allow":["GET"]}}],"collection":[{"href":"https:\/\/marseilleavantapres.fr\/index.php\/wp-json\/wp\/v2\/posts"}],"about":[{"href":"https:\/\/marseilleavantapres.fr\/index.php\/wp-json\/wp\/v2\/types\/post"}],"author":[{"embeddable":true,"href":"https:\/\/marseilleavantapres.fr\/index.php\/wp-json\/wp\/v2\/users\/1"}],"replies":[{"embeddable":true,"href":"https:\/\/marseilleavantapres.fr\/index.php\/wp-json\/wp\/v2\/comments?post=655"}],"version-history":[{"count":7,"href":"https:\/\/marseilleavantapres.fr\/index.php\/wp-json\/wp\/v2\/posts\/655\/revisions"}],"predecessor-version":[{"id":667,"href":"https:\/\/marseilleavantapres.fr\/index.php\/wp-json\/wp\/v2\/posts\/655\/revisions\/667"}],"wp:featuredmedia":[{"embeddable":true,"href":"https:\/\/marseilleavantapres.fr\/index.php\/wp-json\/wp\/v2\/media\/656"}],"wp:attachment":[{"href":"https:\/\/marseilleavantapres.fr\/index.php\/wp-json\/wp\/v2\/media?parent=655"}],"wp:term":[{"taxonomy":"category","embeddable":true,"href":"https:\/\/marseilleavantapres.fr\/index.php\/wp-json\/wp\/v2\/categories?post=655"},{"taxonomy":"post_tag","embeddable":true,"href":"https:\/\/marseilleavantapres.fr\/index.php\/wp-json\/wp\/v2\/tags?post=655"}],"curies":[{"name":"wp","href":"https:\/\/api.w.org\/{rel}","templated":true}]}}