{"id":601,"date":"2025-01-21T15:01:04","date_gmt":"2025-01-21T14:01:04","guid":{"rendered":"https:\/\/marseilleavantapres.fr\/?p=601"},"modified":"2025-01-21T15:01:06","modified_gmt":"2025-01-21T14:01:06","slug":"le-palais-du-pharo","status":"publish","type":"post","link":"https:\/\/marseilleavantapres.fr\/index.php\/2025\/01\/21\/le-palais-du-pharo\/","title":{"rendered":"Le Palais du Pharo"},"content":{"rendered":"\t\t<div data-elementor-type=\"wp-post\" data-elementor-id=\"601\" class=\"elementor elementor-601\" data-elementor-post-type=\"post\">\n\t\t\t\t<div class=\"elementor-element elementor-element-8b5de61 e-flex e-con-boxed e-con e-parent\" data-id=\"8b5de61\" data-element_type=\"container\">\n\t\t\t\t\t<div class=\"e-con-inner\">\n\t\t\t\t<div class=\"elementor-element elementor-element-acf46f1 elementor-widget elementor-widget-image\" data-id=\"acf46f1\" data-element_type=\"widget\" data-widget_type=\"image.default\">\n\t\t\t\t<div class=\"elementor-widget-container\">\n\t\t\t\t\t\t\t\t\t\t\t\t\t\t\t<img fetchpriority=\"high\" decoding=\"async\" width=\"580\" height=\"377\" src=\"https:\/\/marseilleavantapres.fr\/wp-content\/uploads\/2025\/01\/00_Palais-du-Pharo-photomontage-ok.jpg\" class=\"attachment-large size-large wp-image-602\" alt=\"Palais du Pharo photomontage marseille avant apres vieux port\" srcset=\"https:\/\/marseilleavantapres.fr\/wp-content\/uploads\/2025\/01\/00_Palais-du-Pharo-photomontage-ok.jpg 1000w, https:\/\/marseilleavantapres.fr\/wp-content\/uploads\/2025\/01\/00_Palais-du-Pharo-photomontage-ok-300x195.jpg 300w, https:\/\/marseilleavantapres.fr\/wp-content\/uploads\/2025\/01\/00_Palais-du-Pharo-photomontage-ok-768x499.jpg 768w\" sizes=\"(max-width: 580px) 100vw, 580px\" \/>\t\t\t\t\t\t\t\t\t\t\t\t\t\t\t<\/div>\n\t\t\t\t<\/div>\n\t\t\t\t<div class=\"elementor-element elementor-element-3c83dd6 elementor-widget elementor-widget-text-editor\" data-id=\"3c83dd6\" data-element_type=\"widget\" data-widget_type=\"text-editor.default\">\n\t\t\t\t<div class=\"elementor-widget-container\">\n\t\t\t\t\t\t\t\t\t<p>1\ufe0f\u20e3 \u201cDes barques de p\u00eache et un b\u00e2teau de plaisance manoeuvrent dans la passe du port; le palais Pharo \u00e0 l\u2019arri\u00e8re plan\u201d<br \/>2\ufe0f\u20e3 \u201cLa fa\u00e7ade Est du palais du Pharo\u201d<\/p><p>Cet imposant b\u00e2timent est le cadeau d\u2019un mari \u00e0 sa femme. Sauf que le mari \u00e9tait Louis Napol\u00e9on Bonaparte, Prince-Pr\u00e9sident, et sa femme, l\u2019Imp\u00e9ratrice Eug\u00e9nie. La construction d\u00e9bute en 1858, sur un terrain offert par la ville, en remerciement de l\u2019intervention de Napol\u00e9on III lors de l\u2019\u00e9change des terrains du Lazaret. Manque de chance, peu de temps apr\u00e8s que le palais soit termin\u00e9 en 1870, le tyran est chass\u00e9e du pouvoir.<\/p><p>La jeune R\u00e9publique tente de r\u00e9cup\u00e9rer le bien par voie judiciaire au d\u00e9c\u00e8s de son propri\u00e9taire (1873). Or c\u2019est d\u00e9sormais Eug\u00e9nie qui en a h\u00e9rit\u00e9, et l\u2019\u00c9tat perd son proc\u00e8s ! Magnanime, l\u2019ancienne Imp\u00e9ratrice fait don de son Palais \u00e0 Marseille\u2026 Il ne reste plus qu\u2019\u00e0 trouver une utilit\u00e9 \u00e0 ses 12.000 m2 et son jardin de 6,7 hectares dominant l\u2019entr\u00e9e du port !<\/p><p>L\u2019architecture du Pharo s\u2019inspire grandement de la Villa Eug\u00e9nie \u00e0 Biarritz, mais en plus imposant. Les briques rouges sont remplac\u00e9es par des pierres de tailles blanches sculpt\u00e9es. Flanqu\u00e9 de deux ailes lat\u00e9rales en forme de \u2018\u2019U\u2019\u2019, l\u2019\u00e9difice forme un rempart contre le mistral. Les r\u00e9f\u00e9rences \u00e0 l\u2019architecture classique sont nombreuses : ces fa\u00e7ades sont perc\u00e9es de baies en plein cintre au rez-de-chauss\u00e9e et de fen\u00eatres arqu\u00e9es aux \u00e9tages. Sur le fronton triangulaire, on peut observer les armes de la Ville.<\/p><p>D\u00e8s 1884, il abrite un h\u00f4pital, puis l\u2019Institut de m\u00e9decine tropicale, ou encore la facult\u00e9 de m\u00e9decine. Au milieu des ann\u00e9es 90, on construit sous le b\u00e2timent un ensemble de 500m2 dont un auditorium. De nos jours, le complexe du Palais et jardin du Pharo accueille le si\u00e8ge de l\u2019Universit\u00e9 Aix-Marseille, le si\u00e8ge de la M\u00e9tropole Aix-Marseille-Provence ainsi qu\u2019un centre de congr\u00e8s.<\/p><p>\ud83d\udcf8 Archives Municipales 88 Fi 293 &amp; 35Fi1779 &#8211; datant du d\u00e9but du XXe si\u00e8cle<\/p>\t\t\t\t\t\t\t\t<\/div>\n\t\t\t\t<\/div>\n\t\t\t\t\t<\/div>\n\t\t\t\t<\/div>\n\t\t<div class=\"elementor-element elementor-element-4c9a4a3 e-flex e-con-boxed e-con e-parent\" data-id=\"4c9a4a3\" data-element_type=\"container\">\n\t\t\t\t\t<div class=\"e-con-inner\">\n\t\t\t\t<div class=\"elementor-element elementor-element-4bb8675 elementor-widget elementor-widget-qi_addons_for_elementor_before_after\" data-id=\"4bb8675\" data-element_type=\"widget\" data-widget_type=\"qi_addons_for_elementor_before_after.default\">\n\t\t\t\t<div class=\"elementor-widget-container\">\n\t\t\t\t\t<div class=\"qodef-shortcode qodef-m  qodef-qi-before-after qodef--horizontal\">\n\t<div class=\"qodef-before-after-image-holder qodef-m-image\" data-offset=\"50\">\n\t\t<img decoding=\"async\" width=\"1000\" height=\"650\" src=\"https:\/\/marseilleavantapres.fr\/wp-content\/uploads\/2025\/01\/01_Palais-du-Pharo-avant-1000px.jpg\" class=\"attachment-full size-full\" alt=\"Palais du Pharo photomontage marseille avant apres vieux port\" srcset=\"https:\/\/marseilleavantapres.fr\/wp-content\/uploads\/2025\/01\/01_Palais-du-Pharo-avant-1000px.jpg 1000w, https:\/\/marseilleavantapres.fr\/wp-content\/uploads\/2025\/01\/01_Palais-du-Pharo-avant-1000px-300x195.jpg 300w, https:\/\/marseilleavantapres.fr\/wp-content\/uploads\/2025\/01\/01_Palais-du-Pharo-avant-1000px-768x499.jpg 768w\" sizes=\"(max-width: 1000px) 100vw, 1000px\" \/><img decoding=\"async\" width=\"1000\" height=\"650\" src=\"https:\/\/marseilleavantapres.fr\/wp-content\/uploads\/2025\/01\/02_Palais-du-Pharo-apres-1000px.jpg\" class=\"attachment-full size-full\" alt=\"Palais du Pharo photomontage marseille avant apres vieux port\" srcset=\"https:\/\/marseilleavantapres.fr\/wp-content\/uploads\/2025\/01\/02_Palais-du-Pharo-apres-1000px.jpg 1000w, https:\/\/marseilleavantapres.fr\/wp-content\/uploads\/2025\/01\/02_Palais-du-Pharo-apres-1000px-300x195.jpg 300w, https:\/\/marseilleavantapres.fr\/wp-content\/uploads\/2025\/01\/02_Palais-du-Pharo-apres-1000px-768x499.jpg 768w\" sizes=\"(max-width: 1000px) 100vw, 1000px\" \/>\t<\/div>\n\t\t\t<div class=\"qodef-handle-text\">\n\t\t\tGlisser\t\t<\/div>\n\t<\/div>\n\t\t\t\t<\/div>\n\t\t\t\t<\/div>\n\t\t\t\t\t<\/div>\n\t\t\t\t<\/div>\n\t\t<div class=\"elementor-element elementor-element-3bedf9b e-flex e-con-boxed e-con e-parent\" data-id=\"3bedf9b\" data-element_type=\"container\">\n\t\t\t\t\t<div class=\"e-con-inner\">\n\t\t\t\t<div class=\"elementor-element elementor-element-61744cf elementor-widget elementor-widget-qi_addons_for_elementor_before_after\" data-id=\"61744cf\" data-element_type=\"widget\" data-widget_type=\"qi_addons_for_elementor_before_after.default\">\n\t\t\t\t<div class=\"elementor-widget-container\">\n\t\t\t\t\t<div class=\"qodef-shortcode qodef-m  qodef-qi-before-after qodef--horizontal\">\n\t<div class=\"qodef-before-after-image-holder qodef-m-image\" data-offset=\"50\">\n\t\t<img loading=\"lazy\" decoding=\"async\" width=\"1000\" height=\"650\" src=\"https:\/\/marseilleavantapres.fr\/wp-content\/uploads\/2025\/01\/03_Palais-du-Pharo-avant-1000px.jpg\" class=\"attachment-full size-full\" alt=\"Palais du Pharo photomontage marseille avant apres parc du pharo\" srcset=\"https:\/\/marseilleavantapres.fr\/wp-content\/uploads\/2025\/01\/03_Palais-du-Pharo-avant-1000px.jpg 1000w, https:\/\/marseilleavantapres.fr\/wp-content\/uploads\/2025\/01\/03_Palais-du-Pharo-avant-1000px-300x195.jpg 300w, https:\/\/marseilleavantapres.fr\/wp-content\/uploads\/2025\/01\/03_Palais-du-Pharo-avant-1000px-768x499.jpg 768w\" sizes=\"(max-width: 1000px) 100vw, 1000px\" \/><img loading=\"lazy\" decoding=\"async\" width=\"1000\" height=\"650\" src=\"https:\/\/marseilleavantapres.fr\/wp-content\/uploads\/2025\/01\/04_Palais-du-Pharo-apres-1000px.jpg\" class=\"attachment-full size-full\" alt=\"Palais du Pharo photomontage marseille avant apres parc du pharo\" srcset=\"https:\/\/marseilleavantapres.fr\/wp-content\/uploads\/2025\/01\/04_Palais-du-Pharo-apres-1000px.jpg 1000w, https:\/\/marseilleavantapres.fr\/wp-content\/uploads\/2025\/01\/04_Palais-du-Pharo-apres-1000px-300x195.jpg 300w, https:\/\/marseilleavantapres.fr\/wp-content\/uploads\/2025\/01\/04_Palais-du-Pharo-apres-1000px-768x499.jpg 768w\" sizes=\"(max-width: 1000px) 100vw, 1000px\" \/>\t<\/div>\n\t\t\t<div class=\"qodef-handle-text\">\n\t\t\tGlisser\t\t<\/div>\n\t<\/div>\n\t\t\t\t<\/div>\n\t\t\t\t<\/div>\n\t\t\t\t\t<\/div>\n\t\t\t\t<\/div>\n\t\t\t\t<\/div>\n\t\t","protected":false},"excerpt":{"rendered":"<p>1\ufe0f\u20e3 \u201cDes barques de p\u00eache et un b\u00e2teau de plaisance manoeuvrent dans la passe du port; le palais Pharo \u00e0 l\u2019arri\u00e8re plan\u201d2\ufe0f\u20e3 \u201cLa fa\u00e7ade Est du palais du Pharo\u201d Cet imposant b\u00e2timent est le cadeau d\u2019un mari \u00e0 sa femme. Sauf que le mari \u00e9tait Louis Napol\u00e9on Bonaparte, Prince-Pr\u00e9sident, et sa femme, l\u2019Imp\u00e9ratrice Eug\u00e9nie. La [&hellip;]<\/p>\n","protected":false},"author":1,"featured_media":602,"comment_status":"open","ping_status":"open","sticky":false,"template":"","format":"standard","meta":{"footnotes":""},"categories":[4],"tags":[5],"class_list":["post-601","post","type-post","status-publish","format-standard","has-post-thumbnail","hentry","category-avant-apres","tag-avant-apres"],"_links":{"self":[{"href":"https:\/\/marseilleavantapres.fr\/index.php\/wp-json\/wp\/v2\/posts\/601","targetHints":{"allow":["GET"]}}],"collection":[{"href":"https:\/\/marseilleavantapres.fr\/index.php\/wp-json\/wp\/v2\/posts"}],"about":[{"href":"https:\/\/marseilleavantapres.fr\/index.php\/wp-json\/wp\/v2\/types\/post"}],"author":[{"embeddable":true,"href":"https:\/\/marseilleavantapres.fr\/index.php\/wp-json\/wp\/v2\/users\/1"}],"replies":[{"embeddable":true,"href":"https:\/\/marseilleavantapres.fr\/index.php\/wp-json\/wp\/v2\/comments?post=601"}],"version-history":[{"count":10,"href":"https:\/\/marseilleavantapres.fr\/index.php\/wp-json\/wp\/v2\/posts\/601\/revisions"}],"predecessor-version":[{"id":619,"href":"https:\/\/marseilleavantapres.fr\/index.php\/wp-json\/wp\/v2\/posts\/601\/revisions\/619"}],"wp:featuredmedia":[{"embeddable":true,"href":"https:\/\/marseilleavantapres.fr\/index.php\/wp-json\/wp\/v2\/media\/602"}],"wp:attachment":[{"href":"https:\/\/marseilleavantapres.fr\/index.php\/wp-json\/wp\/v2\/media?parent=601"}],"wp:term":[{"taxonomy":"category","embeddable":true,"href":"https:\/\/marseilleavantapres.fr\/index.php\/wp-json\/wp\/v2\/categories?post=601"},{"taxonomy":"post_tag","embeddable":true,"href":"https:\/\/marseilleavantapres.fr\/index.php\/wp-json\/wp\/v2\/tags?post=601"}],"curies":[{"name":"wp","href":"https:\/\/api.w.org\/{rel}","templated":true}]}}