{"id":588,"date":"2025-01-21T14:52:45","date_gmt":"2025-01-21T13:52:45","guid":{"rendered":"https:\/\/marseilleavantapres.fr\/?p=588"},"modified":"2025-01-21T14:52:47","modified_gmt":"2025-01-21T13:52:47","slug":"le-quai-du-canal","status":"publish","type":"post","link":"https:\/\/marseilleavantapres.fr\/index.php\/2025\/01\/21\/le-quai-du-canal\/","title":{"rendered":"Le quai du Canal"},"content":{"rendered":"\t\t<div data-elementor-type=\"wp-post\" data-elementor-id=\"588\" class=\"elementor elementor-588\" data-elementor-post-type=\"post\">\n\t\t\t\t<div class=\"elementor-element elementor-element-e353f07 e-flex e-con-boxed e-con e-parent\" data-id=\"e353f07\" data-element_type=\"container\">\n\t\t\t\t\t<div class=\"e-con-inner\">\n\t\t\t\t<div class=\"elementor-element elementor-element-4b35f5b elementor-widget elementor-widget-image\" data-id=\"4b35f5b\" data-element_type=\"widget\" data-widget_type=\"image.default\">\n\t\t\t\t<div class=\"elementor-widget-container\">\n\t\t\t\t\t\t\t\t\t\t\t\t\t\t\t<img fetchpriority=\"high\" decoding=\"async\" width=\"580\" height=\"355\" src=\"https:\/\/marseilleavantapres.fr\/wp-content\/uploads\/2025\/01\/00_Quai-du-canal_2023_Insta-photomontage-1024x626.jpg\" class=\"attachment-large size-large wp-image-589\" alt=\"Quai du canal 2023 photomontage marseille avant apres vieux port\" srcset=\"https:\/\/marseilleavantapres.fr\/wp-content\/uploads\/2025\/01\/00_Quai-du-canal_2023_Insta-photomontage-1024x626.jpg 1024w, https:\/\/marseilleavantapres.fr\/wp-content\/uploads\/2025\/01\/00_Quai-du-canal_2023_Insta-photomontage-300x183.jpg 300w, https:\/\/marseilleavantapres.fr\/wp-content\/uploads\/2025\/01\/00_Quai-du-canal_2023_Insta-photomontage-768x469.jpg 768w, https:\/\/marseilleavantapres.fr\/wp-content\/uploads\/2025\/01\/00_Quai-du-canal_2023_Insta-photomontage.jpg 1080w\" sizes=\"(max-width: 580px) 100vw, 580px\" \/>\t\t\t\t\t\t\t\t\t\t\t\t\t\t\t<\/div>\n\t\t\t\t<\/div>\n\t\t\t\t\t<\/div>\n\t\t\t\t<\/div>\n\t\t<div class=\"elementor-element elementor-element-e72e549 e-flex e-con-boxed e-con e-parent\" data-id=\"e72e549\" data-element_type=\"container\">\n\t\t\t\t\t<div class=\"e-con-inner\">\n\t\t\t\t<div class=\"elementor-element elementor-element-b974269 elementor-widget elementor-widget-text-editor\" data-id=\"b974269\" data-element_type=\"widget\" data-widget_type=\"text-editor.default\">\n\t\t\t\t<div class=\"elementor-widget-container\">\n\t\t\t\t\t\t\t\t\t<p>\u267e\ufe0f Le quai du Canal (apr\u00e8s d\u00e9c. 1903)<\/p><p>\u26f5Il faut imaginer, \u00e0 la place du Cours Jean Ballard, un canal d\u2019eau de mer venant du port, emprunt\u00e9 par de petites embarcations. Un petit air de Venise au c\u0153ur de Marseille\u2026 Ce canal formait un U, passant par le cours Jean Ballard, le cours Estiennes d\u2019Orves et la place aux Huiles. Une comparaison d&rsquo;un plan de Marseille en 1913 et d&rsquo;une vue a\u00e9rienne contemporaine permet de se rendre compte de son emplacement.<\/p>\t\t\t\t\t\t\t\t<\/div>\n\t\t\t\t<\/div>\n\t\t\t\t\t<\/div>\n\t\t\t\t<\/div>\n\t\t<div class=\"elementor-element elementor-element-3ee8671 e-flex e-con-boxed e-con e-parent\" data-id=\"3ee8671\" data-element_type=\"container\">\n\t\t\t\t\t<div class=\"e-con-inner\">\n\t\t\t\t<div class=\"elementor-element elementor-element-2def846 elementor-widget elementor-widget-qi_addons_for_elementor_before_after\" data-id=\"2def846\" data-element_type=\"widget\" data-widget_type=\"qi_addons_for_elementor_before_after.default\">\n\t\t\t\t<div class=\"elementor-widget-container\">\n\t\t\t\t\t<div class=\"qodef-shortcode qodef-m  qodef-qi-before-after qodef--horizontal\">\n\t<div class=\"qodef-before-after-image-holder qodef-m-image\" data-offset=\"50\">\n\t\t<img decoding=\"async\" width=\"1080\" height=\"660\" src=\"https:\/\/marseilleavantapres.fr\/wp-content\/uploads\/2025\/01\/04_plan.jpg\" class=\"attachment-full size-full\" alt=\"Quai du canal 2023 photomontage marseille avant apres vieux port\" srcset=\"https:\/\/marseilleavantapres.fr\/wp-content\/uploads\/2025\/01\/04_plan.jpg 1080w, https:\/\/marseilleavantapres.fr\/wp-content\/uploads\/2025\/01\/04_plan-300x183.jpg 300w, https:\/\/marseilleavantapres.fr\/wp-content\/uploads\/2025\/01\/04_plan-1024x626.jpg 1024w, https:\/\/marseilleavantapres.fr\/wp-content\/uploads\/2025\/01\/04_plan-768x469.jpg 768w\" sizes=\"(max-width: 1080px) 100vw, 1080px\" \/><img decoding=\"async\" width=\"1080\" height=\"660\" src=\"https:\/\/marseilleavantapres.fr\/wp-content\/uploads\/2025\/01\/05_plan.jpg\" class=\"attachment-full size-full\" alt=\"Quai du canal 2023 photomontage marseille avant apres vieux port\" srcset=\"https:\/\/marseilleavantapres.fr\/wp-content\/uploads\/2025\/01\/05_plan.jpg 1080w, https:\/\/marseilleavantapres.fr\/wp-content\/uploads\/2025\/01\/05_plan-300x183.jpg 300w, https:\/\/marseilleavantapres.fr\/wp-content\/uploads\/2025\/01\/05_plan-1024x626.jpg 1024w, https:\/\/marseilleavantapres.fr\/wp-content\/uploads\/2025\/01\/05_plan-768x469.jpg 768w\" sizes=\"(max-width: 1080px) 100vw, 1080px\" \/>\t<\/div>\n\t\t\t<div class=\"qodef-handle-text\">\n\t\t\tGlisser\t\t<\/div>\n\t<\/div>\n\t\t\t\t<\/div>\n\t\t\t\t<\/div>\n\t\t\t\t\t<\/div>\n\t\t\t\t<\/div>\n\t\t<div class=\"elementor-element elementor-element-d27e12c e-flex e-con-boxed e-con e-parent\" data-id=\"d27e12c\" data-element_type=\"container\">\n\t\t\t\t\t<div class=\"e-con-inner\">\n\t\t\t\t<div class=\"elementor-element elementor-element-db7ef2b elementor-widget elementor-widget-text-editor\" data-id=\"db7ef2b\" data-element_type=\"widget\" data-widget_type=\"text-editor.default\">\n\t\t\t\t<div class=\"elementor-widget-container\">\n\t\t\t\t\t\t\t\t\t<p>Des bateaux de petits tonnages y accostaient afin de d\u00e9charger et stocker les marchandises dans les entrep\u00f4ts construits dans la premi\u00e8re moiti\u00e9 du XIXe si\u00e8cles, sur les fondations de l\u2019arsenal des gal\u00e8res. Ce canal a \u00e9t\u00e9 combl\u00e9 dans les ann\u00e9es 1923 \u00e0 1927.<\/p><p>\ud83d\udcf8 Archives Municipales de Marseille &#8211; 88 Fi 114<br \/>Plan de Marseille en 1913 &#8211; Archives BDR 13 &#8211; FI 2770<br \/>Carte IGN<\/p>\t\t\t\t\t\t\t\t<\/div>\n\t\t\t\t<\/div>\n\t\t\t\t\t<\/div>\n\t\t\t\t<\/div>\n\t\t<div class=\"elementor-element elementor-element-ec49aaa e-flex e-con-boxed e-con e-parent\" data-id=\"ec49aaa\" data-element_type=\"container\">\n\t\t\t\t\t<div class=\"e-con-inner\">\n\t\t\t\t<div class=\"elementor-element elementor-element-0712722 elementor-widget elementor-widget-qi_addons_for_elementor_before_after\" data-id=\"0712722\" data-element_type=\"widget\" data-widget_type=\"qi_addons_for_elementor_before_after.default\">\n\t\t\t\t<div class=\"elementor-widget-container\">\n\t\t\t\t\t<div class=\"qodef-shortcode qodef-m  qodef-qi-before-after qodef--horizontal\">\n\t<div class=\"qodef-before-after-image-holder qodef-m-image\" data-offset=\"50\">\n\t\t<img loading=\"lazy\" decoding=\"async\" width=\"1080\" height=\"660\" src=\"https:\/\/marseilleavantapres.fr\/wp-content\/uploads\/2025\/01\/01_Quai-du-canal_Insta.jpg\" class=\"attachment-full size-full\" alt=\"Quai du canal 2023 photomontage marseille avant apres vieux port\" srcset=\"https:\/\/marseilleavantapres.fr\/wp-content\/uploads\/2025\/01\/01_Quai-du-canal_Insta.jpg 1080w, https:\/\/marseilleavantapres.fr\/wp-content\/uploads\/2025\/01\/01_Quai-du-canal_Insta-300x183.jpg 300w, https:\/\/marseilleavantapres.fr\/wp-content\/uploads\/2025\/01\/01_Quai-du-canal_Insta-1024x626.jpg 1024w, https:\/\/marseilleavantapres.fr\/wp-content\/uploads\/2025\/01\/01_Quai-du-canal_Insta-768x469.jpg 768w\" sizes=\"(max-width: 1080px) 100vw, 1080px\" \/><img loading=\"lazy\" decoding=\"async\" width=\"1080\" height=\"660\" src=\"https:\/\/marseilleavantapres.fr\/wp-content\/uploads\/2025\/01\/02_Quai-du-canal_2023_Insta-OK.jpg\" class=\"attachment-full size-full\" alt=\"Quai du canal 2023 photomontage marseille avant apres vieux port\" srcset=\"https:\/\/marseilleavantapres.fr\/wp-content\/uploads\/2025\/01\/02_Quai-du-canal_2023_Insta-OK.jpg 1080w, https:\/\/marseilleavantapres.fr\/wp-content\/uploads\/2025\/01\/02_Quai-du-canal_2023_Insta-OK-300x183.jpg 300w, https:\/\/marseilleavantapres.fr\/wp-content\/uploads\/2025\/01\/02_Quai-du-canal_2023_Insta-OK-1024x626.jpg 1024w, https:\/\/marseilleavantapres.fr\/wp-content\/uploads\/2025\/01\/02_Quai-du-canal_2023_Insta-OK-768x469.jpg 768w\" sizes=\"(max-width: 1080px) 100vw, 1080px\" \/>\t<\/div>\n\t\t\t<div class=\"qodef-handle-text\">\n\t\t\tGlisser\t\t<\/div>\n\t<\/div>\n\t\t\t\t<\/div>\n\t\t\t\t<\/div>\n\t\t\t\t\t<\/div>\n\t\t\t\t<\/div>\n\t\t\t\t<\/div>\n\t\t","protected":false},"excerpt":{"rendered":"<p>\u267e\ufe0f Le quai du Canal (apr\u00e8s d\u00e9c. 1903) \u26f5Il faut imaginer, \u00e0 la place du Cours Jean Ballard, un canal d\u2019eau de mer venant du port, emprunt\u00e9 par de petites embarcations. Un petit air de Venise au c\u0153ur de Marseille\u2026 Ce canal formait un U, passant par le cours Jean Ballard, le cours Estiennes d\u2019Orves [&hellip;]<\/p>\n","protected":false},"author":1,"featured_media":589,"comment_status":"open","ping_status":"open","sticky":false,"template":"","format":"standard","meta":{"footnotes":""},"categories":[4],"tags":[5],"class_list":["post-588","post","type-post","status-publish","format-standard","has-post-thumbnail","hentry","category-avant-apres","tag-avant-apres"],"_links":{"self":[{"href":"https:\/\/marseilleavantapres.fr\/index.php\/wp-json\/wp\/v2\/posts\/588","targetHints":{"allow":["GET"]}}],"collection":[{"href":"https:\/\/marseilleavantapres.fr\/index.php\/wp-json\/wp\/v2\/posts"}],"about":[{"href":"https:\/\/marseilleavantapres.fr\/index.php\/wp-json\/wp\/v2\/types\/post"}],"author":[{"embeddable":true,"href":"https:\/\/marseilleavantapres.fr\/index.php\/wp-json\/wp\/v2\/users\/1"}],"replies":[{"embeddable":true,"href":"https:\/\/marseilleavantapres.fr\/index.php\/wp-json\/wp\/v2\/comments?post=588"}],"version-history":[{"count":7,"href":"https:\/\/marseilleavantapres.fr\/index.php\/wp-json\/wp\/v2\/posts\/588\/revisions"}],"predecessor-version":[{"id":600,"href":"https:\/\/marseilleavantapres.fr\/index.php\/wp-json\/wp\/v2\/posts\/588\/revisions\/600"}],"wp:featuredmedia":[{"embeddable":true,"href":"https:\/\/marseilleavantapres.fr\/index.php\/wp-json\/wp\/v2\/media\/589"}],"wp:attachment":[{"href":"https:\/\/marseilleavantapres.fr\/index.php\/wp-json\/wp\/v2\/media?parent=588"}],"wp:term":[{"taxonomy":"category","embeddable":true,"href":"https:\/\/marseilleavantapres.fr\/index.php\/wp-json\/wp\/v2\/categories?post=588"},{"taxonomy":"post_tag","embeddable":true,"href":"https:\/\/marseilleavantapres.fr\/index.php\/wp-json\/wp\/v2\/tags?post=588"}],"curies":[{"name":"wp","href":"https:\/\/api.w.org\/{rel}","templated":true}]}}