{"id":580,"date":"2025-01-21T14:46:35","date_gmt":"2025-01-21T13:46:35","guid":{"rendered":"https:\/\/marseilleavantapres.fr\/?p=580"},"modified":"2025-01-21T14:46:37","modified_gmt":"2025-01-21T13:46:37","slug":"la-major","status":"publish","type":"post","link":"https:\/\/marseilleavantapres.fr\/index.php\/2025\/01\/21\/la-major\/","title":{"rendered":"La Major"},"content":{"rendered":"\t\t<div data-elementor-type=\"wp-post\" data-elementor-id=\"580\" class=\"elementor elementor-580\" data-elementor-post-type=\"post\">\n\t\t\t\t<div class=\"elementor-element elementor-element-a8c2402 e-flex e-con-boxed e-con e-parent\" data-id=\"a8c2402\" data-element_type=\"container\">\n\t\t\t\t\t<div class=\"e-con-inner\">\n\t\t\t\t<div class=\"elementor-element elementor-element-501c4d7 elementor-widget elementor-widget-image\" data-id=\"501c4d7\" data-element_type=\"widget\" data-widget_type=\"image.default\">\n\t\t\t\t<div class=\"elementor-widget-container\">\n\t\t\t\t\t\t\t\t\t\t\t\t\t\t\t<img fetchpriority=\"high\" decoding=\"async\" width=\"580\" height=\"430\" src=\"https:\/\/marseilleavantapres.fr\/wp-content\/uploads\/2025\/01\/00-major-photomontage-1024x759.jpg\" class=\"attachment-large size-large wp-image-581\" alt=\"cath\u00e9drale de la major photomontage marseille avant apres\" srcset=\"https:\/\/marseilleavantapres.fr\/wp-content\/uploads\/2025\/01\/00-major-photomontage-1024x759.jpg 1024w, https:\/\/marseilleavantapres.fr\/wp-content\/uploads\/2025\/01\/00-major-photomontage-300x222.jpg 300w, https:\/\/marseilleavantapres.fr\/wp-content\/uploads\/2025\/01\/00-major-photomontage-768x569.jpg 768w, https:\/\/marseilleavantapres.fr\/wp-content\/uploads\/2025\/01\/00-major-photomontage.jpg 1080w\" sizes=\"(max-width: 580px) 100vw, 580px\" \/>\t\t\t\t\t\t\t\t\t\t\t\t\t\t\t<\/div>\n\t\t\t\t<\/div>\n\t\t\t\t\t<\/div>\n\t\t\t\t<\/div>\n\t\t<div class=\"elementor-element elementor-element-60e4d44 e-flex e-con-boxed e-con e-parent\" data-id=\"60e4d44\" data-element_type=\"container\">\n\t\t\t\t\t<div class=\"e-con-inner\">\n\t\t\t\t<div class=\"elementor-element elementor-element-0f6166f elementor-widget elementor-widget-text-editor\" data-id=\"0f6166f\" data-element_type=\"widget\" data-widget_type=\"text-editor.default\">\n\t\t\t\t<div class=\"elementor-widget-container\">\n\t\t\t\t\t\t\t\t\t<p>\u267e\ufe0f La Cath\u00e9drale et le Quai de la Joliette (1890-1900)<\/p><p>De son vrai nom \u00ab la Cath\u00e9drale Sainte-Marie Majeure \u00bb, la Cath\u00e9drale de la Major est simplement nomm\u00e9e par les habitant.e.s : \u00ab La Major \u00bb.<\/p><p>Au d\u00e9but de sa construction, en 1852, Marseille est en pleine lumi\u00e8re. La ville se d\u00e9veloppe dans tous les sens, g\u00e9ographiques comme \u00e9conomiques, et les \u00e9lites dirigeantes d\u00e9cident de la doter de b\u00e2timents \u00e0 la hauteur de son statut de premier port de France.<\/p><p>Quoi de mieux que de construire une Cath\u00e9drale sur le front de mer ? Car avec ces 146 m de long, ses deux tours majestueuses, sa grande coupole juch\u00e9e \u00e0 70 m de hauteur pour 18 m de diam\u00e8tre, elle est vue de loin par les nombreux passagers entrant et sortant du nouveau port de la Joliette.<\/p><p>L\u00e9on Vaudoyer, architecte de la ville, lui donne un style romano-byzantin qui \u00e9voque \u00e0 la fois l\u2019Orient et l\u2019Occident, hommage aux origines multiculturelles de Marseille. Il use, et ses successeurs apr\u00e8s son d\u00e9c\u00e8s en 1873 (Jacques Henry Esp\u00e9randieu, puis Henri Antoine R\u00e9voil) de mat\u00e9riaux divers et vari\u00e9s : marbre blanc de Carrare, pierre verte de Florence, onyx d\u2019Italie et de Tunisie, ou encore mosa\u00efque de Venise. Les fa\u00e7ades int\u00e9rieures et ext\u00e9rieures pr\u00e9sentent des bandes de couleurs altern\u00e9es : pierre de Cassis et marbre vert de Florence dehors, couleurs chaudes dedans.<\/p><p>Suite \u00e0 la construction du tunnel Prado-Car\u00e9nage, la circulation en surface est limit\u00e9e, ce qui permet de cr\u00e9er une grande esplanade dont se sont empar\u00e9s les marseillais.e.s. Il existe une \u00ab Vieille Major \u00bb, datant du XIIe si\u00e8cle, en pierre rose de la Couronne. Ces restes sont visibles \u00e0 l\u2019ouest de la cath\u00e9drale actuelle, mais elle n\u2019est pas ouverte au public.<\/p><p>\ud83d\udcf8 Cr\u00e9dit photo : Biblioth\u00e8que deu Congr\u00e8s Am\u00e9ricain (Library of Congress) \u201cCathedral and Quay de la Joliette\u201d &#8211; Licence CC0 1.0 Universal &#8211; N\u00b02001698448<\/p><p>Initialement publi\u00e9 sur Instagram le 8 juillet 2024<\/p>\t\t\t\t\t\t\t\t<\/div>\n\t\t\t\t<\/div>\n\t\t\t\t\t<\/div>\n\t\t\t\t<\/div>\n\t\t<div class=\"elementor-element elementor-element-8481f36 e-flex e-con-boxed e-con e-parent\" data-id=\"8481f36\" data-element_type=\"container\">\n\t\t\t\t\t<div class=\"e-con-inner\">\n\t\t\t\t<div class=\"elementor-element elementor-element-3b24b2c elementor-widget elementor-widget-qi_addons_for_elementor_before_after\" data-id=\"3b24b2c\" data-element_type=\"widget\" data-widget_type=\"qi_addons_for_elementor_before_after.default\">\n\t\t\t\t<div class=\"elementor-widget-container\">\n\t\t\t\t\t<div class=\"qodef-shortcode qodef-m  qodef-qi-before-after qodef--horizontal\">\n\t<div class=\"qodef-before-after-image-holder qodef-m-image\" data-offset=\"50\">\n\t\t<img decoding=\"async\" width=\"1080\" height=\"800\" src=\"https:\/\/marseilleavantapres.fr\/wp-content\/uploads\/2025\/01\/01-major-avant.jpg\" class=\"attachment-full size-full\" alt=\"\" srcset=\"https:\/\/marseilleavantapres.fr\/wp-content\/uploads\/2025\/01\/01-major-avant.jpg 1080w, https:\/\/marseilleavantapres.fr\/wp-content\/uploads\/2025\/01\/01-major-avant-300x222.jpg 300w, https:\/\/marseilleavantapres.fr\/wp-content\/uploads\/2025\/01\/01-major-avant-1024x759.jpg 1024w, https:\/\/marseilleavantapres.fr\/wp-content\/uploads\/2025\/01\/01-major-avant-768x569.jpg 768w\" sizes=\"(max-width: 1080px) 100vw, 1080px\" \/><img decoding=\"async\" width=\"1080\" height=\"800\" src=\"https:\/\/marseilleavantapres.fr\/wp-content\/uploads\/2025\/01\/02-major.jpg\" class=\"attachment-full size-full\" alt=\"\" srcset=\"https:\/\/marseilleavantapres.fr\/wp-content\/uploads\/2025\/01\/02-major.jpg 1080w, https:\/\/marseilleavantapres.fr\/wp-content\/uploads\/2025\/01\/02-major-300x222.jpg 300w, https:\/\/marseilleavantapres.fr\/wp-content\/uploads\/2025\/01\/02-major-1024x759.jpg 1024w, https:\/\/marseilleavantapres.fr\/wp-content\/uploads\/2025\/01\/02-major-768x569.jpg 768w\" sizes=\"(max-width: 1080px) 100vw, 1080px\" \/>\t<\/div>\n\t\t\t<div class=\"qodef-handle-text\">\n\t\t\tGlisser\t\t<\/div>\n\t<\/div>\n\t\t\t\t<\/div>\n\t\t\t\t<\/div>\n\t\t\t\t\t<\/div>\n\t\t\t\t<\/div>\n\t\t\t\t<\/div>\n\t\t","protected":false},"excerpt":{"rendered":"<p>\u267e\ufe0f La Cath\u00e9drale et le Quai de la Joliette (1890-1900) De son vrai nom \u00ab la Cath\u00e9drale Sainte-Marie Majeure \u00bb, la Cath\u00e9drale de la Major est simplement nomm\u00e9e par les habitant.e.s : \u00ab La Major \u00bb. Au d\u00e9but de sa construction, en 1852, Marseille est en pleine lumi\u00e8re. La ville se d\u00e9veloppe dans tous les [&hellip;]<\/p>\n","protected":false},"author":1,"featured_media":581,"comment_status":"open","ping_status":"open","sticky":false,"template":"","format":"standard","meta":{"footnotes":""},"categories":[4],"tags":[5],"class_list":["post-580","post","type-post","status-publish","format-standard","has-post-thumbnail","hentry","category-avant-apres","tag-avant-apres"],"_links":{"self":[{"href":"https:\/\/marseilleavantapres.fr\/index.php\/wp-json\/wp\/v2\/posts\/580","targetHints":{"allow":["GET"]}}],"collection":[{"href":"https:\/\/marseilleavantapres.fr\/index.php\/wp-json\/wp\/v2\/posts"}],"about":[{"href":"https:\/\/marseilleavantapres.fr\/index.php\/wp-json\/wp\/v2\/types\/post"}],"author":[{"embeddable":true,"href":"https:\/\/marseilleavantapres.fr\/index.php\/wp-json\/wp\/v2\/users\/1"}],"replies":[{"embeddable":true,"href":"https:\/\/marseilleavantapres.fr\/index.php\/wp-json\/wp\/v2\/comments?post=580"}],"version-history":[{"count":4,"href":"https:\/\/marseilleavantapres.fr\/index.php\/wp-json\/wp\/v2\/posts\/580\/revisions"}],"predecessor-version":[{"id":587,"href":"https:\/\/marseilleavantapres.fr\/index.php\/wp-json\/wp\/v2\/posts\/580\/revisions\/587"}],"wp:featuredmedia":[{"embeddable":true,"href":"https:\/\/marseilleavantapres.fr\/index.php\/wp-json\/wp\/v2\/media\/581"}],"wp:attachment":[{"href":"https:\/\/marseilleavantapres.fr\/index.php\/wp-json\/wp\/v2\/media?parent=580"}],"wp:term":[{"taxonomy":"category","embeddable":true,"href":"https:\/\/marseilleavantapres.fr\/index.php\/wp-json\/wp\/v2\/categories?post=580"},{"taxonomy":"post_tag","embeddable":true,"href":"https:\/\/marseilleavantapres.fr\/index.php\/wp-json\/wp\/v2\/tags?post=580"}],"curies":[{"name":"wp","href":"https:\/\/api.w.org\/{rel}","templated":true}]}}