{"id":401,"date":"2024-09-17T18:34:02","date_gmt":"2024-09-17T16:34:02","guid":{"rendered":"https:\/\/marseilleavantapres.fr\/?p=401"},"modified":"2024-09-18T17:47:09","modified_gmt":"2024-09-18T15:47:09","slug":"place-fayolle-avenue-du-marechal-foch","status":"publish","type":"post","link":"https:\/\/marseilleavantapres.fr\/index.php\/2024\/09\/17\/place-fayolle-avenue-du-marechal-foch\/","title":{"rendered":"Place Fayolle, avenue du mar\u00e9chal Foch"},"content":{"rendered":"\t\t<div data-elementor-type=\"wp-post\" data-elementor-id=\"401\" class=\"elementor elementor-401\" data-elementor-post-type=\"post\">\n\t\t\t\t<div class=\"elementor-element elementor-element-baff211 e-flex e-con-boxed e-con e-parent\" data-id=\"baff211\" data-element_type=\"container\">\n\t\t\t\t\t<div class=\"e-con-inner\">\n\t\t\t\t<div class=\"elementor-element elementor-element-428c880 elementor-widget elementor-widget-image\" data-id=\"428c880\" data-element_type=\"widget\" data-widget_type=\"image.default\">\n\t\t\t\t<div class=\"elementor-widget-container\">\n\t\t\t\t\t\t\t\t\t\t\t\t\t\t\t<img fetchpriority=\"high\" decoding=\"async\" width=\"580\" height=\"383\" src=\"https:\/\/marseilleavantapres.fr\/wp-content\/uploads\/2024\/09\/00_place-fayolle-marechal-foch-photomontage-1024x677.jpg\" class=\"attachment-large size-large wp-image-402\" alt=\"\" srcset=\"https:\/\/marseilleavantapres.fr\/wp-content\/uploads\/2024\/09\/00_place-fayolle-marechal-foch-photomontage-1024x677.jpg 1024w, https:\/\/marseilleavantapres.fr\/wp-content\/uploads\/2024\/09\/00_place-fayolle-marechal-foch-photomontage-300x198.jpg 300w, https:\/\/marseilleavantapres.fr\/wp-content\/uploads\/2024\/09\/00_place-fayolle-marechal-foch-photomontage-768x508.jpg 768w, https:\/\/marseilleavantapres.fr\/wp-content\/uploads\/2024\/09\/00_place-fayolle-marechal-foch-photomontage-1200x794.jpg 1200w, https:\/\/marseilleavantapres.fr\/wp-content\/uploads\/2024\/09\/00_place-fayolle-marechal-foch-photomontage.jpg 1300w\" sizes=\"(max-width: 580px) 100vw, 580px\" \/>\t\t\t\t\t\t\t\t\t\t\t\t\t\t\t<\/div>\n\t\t\t\t<\/div>\n\t\t\t\t\t<\/div>\n\t\t\t\t<\/div>\n\t\t<div class=\"elementor-element elementor-element-1366bed e-flex e-con-boxed e-con e-parent\" data-id=\"1366bed\" data-element_type=\"container\">\n\t\t\t\t\t<div class=\"e-con-inner\">\n\t\t\t\t<div class=\"elementor-element elementor-element-d4ddd95 elementor-widget elementor-widget-text-editor\" data-id=\"d4ddd95\" data-element_type=\"widget\" data-widget_type=\"text-editor.default\">\n\t\t\t\t<div class=\"elementor-widget-container\">\n\t\t\t\t\t\t\t\t\t<p>\ud83d\udd00 Place Fayolle, avenue du mar\u00e9chal Foch (1945-1950)<\/p><p>Difficile de retrouver l&#8217;emplacement exact de l\u2019avant\/apr\u00e8s, tant les tilleuls de la place bloquent la vue ! Mais le b\u00e2timent faisant l\u2019angle de l\u2019avenue Mar\u00e9chal Foch et de la rue Mar\u00e9chal Fayolle est, lui, bien reconnaissable. Comme les statues au-dessus de la fromagerie en attestent ci-dessous.<\/p>\t\t\t\t\t\t\t\t<\/div>\n\t\t\t\t<\/div>\n\t\t\t\t<div class=\"elementor-element elementor-element-4154471 elementor-widget elementor-widget-image-gallery\" data-id=\"4154471\" data-element_type=\"widget\" data-widget_type=\"image-gallery.default\">\n\t\t\t\t<div class=\"elementor-widget-container\">\n\t\t\t\t\t\t\t<div class=\"elementor-image-gallery\">\n\t\t\t<div id='gallery-1' class='gallery galleryid-401 gallery-columns-2 gallery-size-medium_large'><figure class='gallery-item'>\n\t\t\t<div class='gallery-icon landscape'>\n\t\t\t\t<img decoding=\"async\" width=\"580\" height=\"384\" src=\"https:\/\/marseilleavantapres.fr\/wp-content\/uploads\/2024\/09\/03_place-fayolle-statue-apres-768x508.jpg\" class=\"attachment-medium_large size-medium_large\" alt=\"\" srcset=\"https:\/\/marseilleavantapres.fr\/wp-content\/uploads\/2024\/09\/03_place-fayolle-statue-apres-768x508.jpg 768w, https:\/\/marseilleavantapres.fr\/wp-content\/uploads\/2024\/09\/03_place-fayolle-statue-apres-300x198.jpg 300w, https:\/\/marseilleavantapres.fr\/wp-content\/uploads\/2024\/09\/03_place-fayolle-statue-apres-1024x677.jpg 1024w, https:\/\/marseilleavantapres.fr\/wp-content\/uploads\/2024\/09\/03_place-fayolle-statue-apres-1200x794.jpg 1200w, https:\/\/marseilleavantapres.fr\/wp-content\/uploads\/2024\/09\/03_place-fayolle-statue-apres.jpg 1300w\" sizes=\"(max-width: 580px) 100vw, 580px\" \/>\n\t\t\t<\/div><\/figure><figure class='gallery-item'>\n\t\t\t<div class='gallery-icon landscape'>\n\t\t\t\t<img decoding=\"async\" width=\"580\" height=\"384\" src=\"https:\/\/marseilleavantapres.fr\/wp-content\/uploads\/2024\/09\/04_place-fayolle-statue-apres-768x508.jpg\" class=\"attachment-medium_large size-medium_large\" alt=\"\" srcset=\"https:\/\/marseilleavantapres.fr\/wp-content\/uploads\/2024\/09\/04_place-fayolle-statue-apres-768x508.jpg 768w, https:\/\/marseilleavantapres.fr\/wp-content\/uploads\/2024\/09\/04_place-fayolle-statue-apres-300x198.jpg 300w, https:\/\/marseilleavantapres.fr\/wp-content\/uploads\/2024\/09\/04_place-fayolle-statue-apres-1024x677.jpg 1024w, https:\/\/marseilleavantapres.fr\/wp-content\/uploads\/2024\/09\/04_place-fayolle-statue-apres-1200x794.jpg 1200w, https:\/\/marseilleavantapres.fr\/wp-content\/uploads\/2024\/09\/04_place-fayolle-statue-apres.jpg 1300w\" sizes=\"(max-width: 580px) 100vw, 580px\" \/>\n\t\t\t<\/div><\/figure>\n\t\t<\/div>\n\t\t<\/div>\n\t\t\t\t\t\t<\/div>\n\t\t\t\t<\/div>\n\t\t\t\t<div class=\"elementor-element elementor-element-262f319 elementor-widget elementor-widget-text-editor\" data-id=\"262f319\" data-element_type=\"widget\" data-widget_type=\"text-editor.default\">\n\t\t\t\t<div class=\"elementor-widget-container\">\n\t\t\t\t\t\t\t\t\t<p>\ud83d\udc04 Jusqu&rsquo;\u00e0 la fin des ann\u00e9es 1920, un immense pr\u00e9 couvre toute l&rsquo;\u00e9tendue du quartier. Une grande ferme se trouve \u00e0 peu pr\u00e8s \u00e0 l&#8217;emplacement du Path\u00e9-Madeleine. La partie nord, en bordure du boulevard de la Blancarde, est occup\u00e9e par de petites maisons et une guinguette avec jeux de boules. La partie ouest est d\u00e9j\u00e0 urbanis\u00e9e, avec les immeubles de la rue Marx-Dormoy et la scierie Gemy. La campagne est vendue, elle prend le nom de lotissement de la Madeleine. Cet ensemble de 17 000 m2 est achet\u00e9 par la Ville en 1929. D\u00e8s l&rsquo;amorce de la construction, ce pr\u00e9 d\u00e9saffect\u00e9 est utilis\u00e9 comme terrain de sport, ou sert aux cirques ambulants de passage. Les premiers immeubles sont b\u00e2tis au d\u00e9but des ann\u00e9es 1930.<\/p><p>\u2620\ufe0f Les Mar\u00e9chaux Fayolle et Foch ont \u0153uvr\u00e9 \u00e0 la victoire de la France lors de la Grande Guerre. Et quelle victoire ! 1,7 millions de soldats fran\u00e7ais morts, plus de 4,2 millions de bless\u00e9s, une \u00e9conomie exsangue, la partie Est du pays d\u00e9vast\u00e9e et un voisin-vaincu dans la ruine et la haine qui m\u00e8nera le monde aux ab\u00eemes 20 ans plus tard\u2026<\/p><p>\ud83e\ude96 Emile Fayolle (1852-1928) g\u00e9n\u00e9ral de division fran\u00e7ais, nomm\u00e9 mar\u00e9chal de France en 1921. Commande, pendant la \u00ab\u00a0Grande Guerre\u00a0\u00bb, la 4\u00b0 arm\u00e9e sur la Somme (1916), l&rsquo;arm\u00e9e d&rsquo;Italie (1917) et le groupe d&rsquo;arm\u00e9es qui repoussent l\u2019assaut allemand de mars 1918.<br \/>\ud83e\ude96 Ferdinand Foch (1851-1929). \u00c9l\u00e8ve \u00e0 Polytechnique, professeur puis directeur de l&rsquo;\u00e9cole de guerre, en 1907. Commandant le 20\u00b0 corps en 1914, il est nomm\u00e9 g\u00e9n\u00e9ralissime des arm\u00e9es alli\u00e9es, en mars 1918, mar\u00e9chal de France, en ao\u00fbt.<\/p><p>\ud83d\udcf8 6 Fi 5987 &#8211; Archives Bouche-du-Rh\u00f4ne &#8211; \u00e9diteur Mireille<\/p>\t\t\t\t\t\t\t\t<\/div>\n\t\t\t\t<\/div>\n\t\t\t\t\t<\/div>\n\t\t\t\t<\/div>\n\t\t<div class=\"elementor-element elementor-element-6c6c6fa e-flex e-con-boxed e-con e-parent\" data-id=\"6c6c6fa\" data-element_type=\"container\">\n\t\t\t\t\t<div class=\"e-con-inner\">\n\t\t\t\t<div class=\"elementor-element elementor-element-97c220a elementor-widget elementor-widget-qi_addons_for_elementor_before_after\" data-id=\"97c220a\" data-element_type=\"widget\" data-widget_type=\"qi_addons_for_elementor_before_after.default\">\n\t\t\t\t<div class=\"elementor-widget-container\">\n\t\t\t\t\t<div class=\"qodef-shortcode qodef-m  qodef-qi-before-after qodef--horizontal\">\n\t<div class=\"qodef-before-after-image-holder qodef-m-image\" data-offset=\"50\">\n\t\t<img loading=\"lazy\" decoding=\"async\" width=\"1300\" height=\"860\" src=\"https:\/\/marseilleavantapres.fr\/wp-content\/uploads\/2024\/09\/01_place-fayolle-marechal-foch-avant_1.jpg\" class=\"attachment-full size-full\" alt=\"\" srcset=\"https:\/\/marseilleavantapres.fr\/wp-content\/uploads\/2024\/09\/01_place-fayolle-marechal-foch-avant_1.jpg 1300w, https:\/\/marseilleavantapres.fr\/wp-content\/uploads\/2024\/09\/01_place-fayolle-marechal-foch-avant_1-300x198.jpg 300w, https:\/\/marseilleavantapres.fr\/wp-content\/uploads\/2024\/09\/01_place-fayolle-marechal-foch-avant_1-1024x677.jpg 1024w, https:\/\/marseilleavantapres.fr\/wp-content\/uploads\/2024\/09\/01_place-fayolle-marechal-foch-avant_1-768x508.jpg 768w, https:\/\/marseilleavantapres.fr\/wp-content\/uploads\/2024\/09\/01_place-fayolle-marechal-foch-avant_1-1200x794.jpg 1200w\" sizes=\"(max-width: 1300px) 100vw, 1300px\" \/><img loading=\"lazy\" decoding=\"async\" width=\"1300\" height=\"860\" src=\"https:\/\/marseilleavantapres.fr\/wp-content\/uploads\/2024\/09\/02_place-fayolle-marechal-foch-apres.jpg\" class=\"attachment-full size-full\" alt=\"\" srcset=\"https:\/\/marseilleavantapres.fr\/wp-content\/uploads\/2024\/09\/02_place-fayolle-marechal-foch-apres.jpg 1300w, https:\/\/marseilleavantapres.fr\/wp-content\/uploads\/2024\/09\/02_place-fayolle-marechal-foch-apres-300x198.jpg 300w, https:\/\/marseilleavantapres.fr\/wp-content\/uploads\/2024\/09\/02_place-fayolle-marechal-foch-apres-1024x677.jpg 1024w, https:\/\/marseilleavantapres.fr\/wp-content\/uploads\/2024\/09\/02_place-fayolle-marechal-foch-apres-768x508.jpg 768w, https:\/\/marseilleavantapres.fr\/wp-content\/uploads\/2024\/09\/02_place-fayolle-marechal-foch-apres-1200x794.jpg 1200w\" sizes=\"(max-width: 1300px) 100vw, 1300px\" \/>\t<\/div>\n\t\t\t<div class=\"qodef-handle-text\">\n\t\t\tGlisser\t\t<\/div>\n\t<\/div>\n\t\t\t\t<\/div>\n\t\t\t\t<\/div>\n\t\t\t\t\t<\/div>\n\t\t\t\t<\/div>\n\t\t\t\t<\/div>\n\t\t","protected":false},"excerpt":{"rendered":"<p>\ud83d\udd00 Place Fayolle, avenue du mar\u00e9chal Foch (1945-1950) Difficile de retrouver l&#8217;emplacement exact de l\u2019avant\/apr\u00e8s, tant les tilleuls de la place bloquent la vue ! Mais le b\u00e2timent faisant l\u2019angle de l\u2019avenue Mar\u00e9chal Foch et de la rue Mar\u00e9chal Fayolle est, lui, bien reconnaissable. Comme les statues au-dessus de la fromagerie en attestent ci-dessous. \ud83d\udc04 [&hellip;]<\/p>\n","protected":false},"author":1,"featured_media":402,"comment_status":"open","ping_status":"open","sticky":false,"template":"","format":"standard","meta":{"footnotes":""},"categories":[4],"tags":[5],"class_list":["post-401","post","type-post","status-publish","format-standard","has-post-thumbnail","hentry","category-avant-apres","tag-avant-apres"],"_links":{"self":[{"href":"https:\/\/marseilleavantapres.fr\/index.php\/wp-json\/wp\/v2\/posts\/401","targetHints":{"allow":["GET"]}}],"collection":[{"href":"https:\/\/marseilleavantapres.fr\/index.php\/wp-json\/wp\/v2\/posts"}],"about":[{"href":"https:\/\/marseilleavantapres.fr\/index.php\/wp-json\/wp\/v2\/types\/post"}],"author":[{"embeddable":true,"href":"https:\/\/marseilleavantapres.fr\/index.php\/wp-json\/wp\/v2\/users\/1"}],"replies":[{"embeddable":true,"href":"https:\/\/marseilleavantapres.fr\/index.php\/wp-json\/wp\/v2\/comments?post=401"}],"version-history":[{"count":20,"href":"https:\/\/marseilleavantapres.fr\/index.php\/wp-json\/wp\/v2\/posts\/401\/revisions"}],"predecessor-version":[{"id":426,"href":"https:\/\/marseilleavantapres.fr\/index.php\/wp-json\/wp\/v2\/posts\/401\/revisions\/426"}],"wp:featuredmedia":[{"embeddable":true,"href":"https:\/\/marseilleavantapres.fr\/index.php\/wp-json\/wp\/v2\/media\/402"}],"wp:attachment":[{"href":"https:\/\/marseilleavantapres.fr\/index.php\/wp-json\/wp\/v2\/media?parent=401"}],"wp:term":[{"taxonomy":"category","embeddable":true,"href":"https:\/\/marseilleavantapres.fr\/index.php\/wp-json\/wp\/v2\/categories?post=401"},{"taxonomy":"post_tag","embeddable":true,"href":"https:\/\/marseilleavantapres.fr\/index.php\/wp-json\/wp\/v2\/tags?post=401"}],"curies":[{"name":"wp","href":"https:\/\/api.w.org\/{rel}","templated":true}]}}