{"id":372,"date":"2024-09-17T18:09:01","date_gmt":"2024-09-17T16:09:01","guid":{"rendered":"https:\/\/marseilleavantapres.fr\/?p=372"},"modified":"2024-09-17T18:09:03","modified_gmt":"2024-09-17T16:09:03","slug":"hotel-des-postes","status":"publish","type":"post","link":"https:\/\/marseilleavantapres.fr\/index.php\/2024\/09\/17\/hotel-des-postes\/","title":{"rendered":"H\u00f4tel des Postes"},"content":{"rendered":"\t\t<div data-elementor-type=\"wp-post\" data-elementor-id=\"372\" class=\"elementor elementor-372\" data-elementor-post-type=\"post\">\n\t\t\t\t<div class=\"elementor-element elementor-element-f1e3b58 e-flex e-con-boxed e-con e-parent\" data-id=\"f1e3b58\" data-element_type=\"container\">\n\t\t\t\t\t<div class=\"e-con-inner\">\n\t\t\t\t<div class=\"elementor-element elementor-element-d9ed353 elementor-widget elementor-widget-image\" data-id=\"d9ed353\" data-element_type=\"widget\" data-widget_type=\"image.default\">\n\t\t\t\t<div class=\"elementor-widget-container\">\n\t\t\t\t\t\t\t\t\t\t\t\t\t\t\t<img fetchpriority=\"high\" decoding=\"async\" width=\"580\" height=\"377\" src=\"https:\/\/marseilleavantapres.fr\/wp-content\/uploads\/2024\/09\/01_Hotel-des-Postes-photomontage-1024x666.jpg\" class=\"attachment-large size-large wp-image-373\" alt=\"\" srcset=\"https:\/\/marseilleavantapres.fr\/wp-content\/uploads\/2024\/09\/01_Hotel-des-Postes-photomontage-1024x666.jpg 1024w, https:\/\/marseilleavantapres.fr\/wp-content\/uploads\/2024\/09\/01_Hotel-des-Postes-photomontage-300x195.jpg 300w, https:\/\/marseilleavantapres.fr\/wp-content\/uploads\/2024\/09\/01_Hotel-des-Postes-photomontage-768x499.jpg 768w, https:\/\/marseilleavantapres.fr\/wp-content\/uploads\/2024\/09\/01_Hotel-des-Postes-photomontage.jpg 1040w\" sizes=\"(max-width: 580px) 100vw, 580px\" \/>\t\t\t\t\t\t\t\t\t\t\t\t\t\t\t<\/div>\n\t\t\t\t<\/div>\n\t\t\t\t\t<\/div>\n\t\t\t\t<\/div>\n\t\t<div class=\"elementor-element elementor-element-16d2ba6 e-flex e-con-boxed e-con e-parent\" data-id=\"16d2ba6\" data-element_type=\"container\">\n\t\t\t\t\t<div class=\"e-con-inner\">\n\t\t\t\t<div class=\"elementor-element elementor-element-1d05c3d elementor-widget elementor-widget-text-editor\" data-id=\"1d05c3d\" data-element_type=\"widget\" data-widget_type=\"text-editor.default\">\n\t\t\t\t<div class=\"elementor-widget-container\">\n\t\t\t\t\t\t\t\t\t<p>\ud83d\udce8 L\u2019H\u00f4tel des Postes (apr\u00e8s 1903)<\/p><p>\ud83c\udfeb Le Grand H\u00f4tel des Poste et T\u00e9l\u00e9graphes ou Poste Centrale a \u00e9t\u00e9 b\u00e2ti de 1889 \u00e0 1891, apr\u00e8s le percement de la rue Colbert et l\u2019am\u00e9nagement du quartier. D\u2019inspiration post-haussmannienne, sa fa\u00e7ade mesure 110 m de long. Le b\u00e2timent imagin\u00e9 par l\u2019architecte Joseph Henry Huot s\u2019\u00e9tend sur trois niveaux pour une surface totale de 12 200 m2.<\/p><p>\ud83d\udea7 De 2015 \u00e0 2020, il a \u00e9t\u00e9 r\u00e9nov\u00e9 par l\u2019architecte Roland Carta, vainqueur d\u2019un concours lanc\u00e9 par La Poste, propri\u00e9taire de l\u2019\u00e9difice. D\u00e9j\u00e0 \u00e0 l\u2019origine du renouveau du Fort St Jean, l\u2019architecte marseillais a souhait\u00e9 conserver l\u2019esprit du b\u00e2timent originel tout en le modernisant. Aujourd\u2019hui, 400 salari\u00e9s des services administratifs, bancaires et immobiliers du groupe La Poste y travaillent, et il est possible d\u2019y louer des espaces de coworking. Il n\u2019accueille plus de public. L\u2019agence postale Colbert se situe un peu plus haut.<\/p><p>\ud83c\udf10 D\u2019un b\u00e2timent industriel, l\u2019H\u00f4tel des Postes est devenu un b\u00e2timent tertiaire, suivant ainsi la trajectoire des activit\u00e9s \u00e9conomiques de la Ville.<\/p><p>\ud83d\udcf8 Archives Municipales de Marseille &#8211; 88 Fi 103 &#8211; Emile Lacour (photographe et phototypiste)<\/p>\t\t\t\t\t\t\t\t<\/div>\n\t\t\t\t<\/div>\n\t\t\t\t\t<\/div>\n\t\t\t\t<\/div>\n\t\t<div class=\"elementor-element elementor-element-d4f2bb0 e-flex e-con-boxed e-con e-parent\" data-id=\"d4f2bb0\" data-element_type=\"container\">\n\t\t\t\t\t<div class=\"e-con-inner\">\n\t\t\t\t<div class=\"elementor-element elementor-element-d53357b elementor-widget elementor-widget-qi_addons_for_elementor_before_after\" data-id=\"d53357b\" data-element_type=\"widget\" data-widget_type=\"qi_addons_for_elementor_before_after.default\">\n\t\t\t\t<div class=\"elementor-widget-container\">\n\t\t\t\t\t<div class=\"qodef-shortcode qodef-m  qodef-qi-before-after qodef--horizontal\">\n\t<div class=\"qodef-before-after-image-holder qodef-m-image\" data-offset=\"50\">\n\t\t<img decoding=\"async\" width=\"1040\" height=\"676\" src=\"https:\/\/marseilleavantapres.fr\/wp-content\/uploads\/2024\/09\/02_Hotel-des-Postes-avant.jpg\" class=\"attachment-full size-full\" alt=\"\" srcset=\"https:\/\/marseilleavantapres.fr\/wp-content\/uploads\/2024\/09\/02_Hotel-des-Postes-avant.jpg 1040w, https:\/\/marseilleavantapres.fr\/wp-content\/uploads\/2024\/09\/02_Hotel-des-Postes-avant-300x195.jpg 300w, https:\/\/marseilleavantapres.fr\/wp-content\/uploads\/2024\/09\/02_Hotel-des-Postes-avant-1024x666.jpg 1024w, https:\/\/marseilleavantapres.fr\/wp-content\/uploads\/2024\/09\/02_Hotel-des-Postes-avant-768x499.jpg 768w\" sizes=\"(max-width: 1040px) 100vw, 1040px\" \/><img decoding=\"async\" width=\"1040\" height=\"676\" src=\"https:\/\/marseilleavantapres.fr\/wp-content\/uploads\/2024\/09\/03_Hotel-des-Postes-apres.jpg\" class=\"attachment-full size-full\" alt=\"\" srcset=\"https:\/\/marseilleavantapres.fr\/wp-content\/uploads\/2024\/09\/03_Hotel-des-Postes-apres.jpg 1040w, https:\/\/marseilleavantapres.fr\/wp-content\/uploads\/2024\/09\/03_Hotel-des-Postes-apres-300x195.jpg 300w, https:\/\/marseilleavantapres.fr\/wp-content\/uploads\/2024\/09\/03_Hotel-des-Postes-apres-1024x666.jpg 1024w, https:\/\/marseilleavantapres.fr\/wp-content\/uploads\/2024\/09\/03_Hotel-des-Postes-apres-768x499.jpg 768w\" sizes=\"(max-width: 1040px) 100vw, 1040px\" \/>\t<\/div>\n\t\t\t<div class=\"qodef-handle-text\">\n\t\t\tGlisser\t\t<\/div>\n\t<\/div>\n\t\t\t\t<\/div>\n\t\t\t\t<\/div>\n\t\t\t\t\t<\/div>\n\t\t\t\t<\/div>\n\t\t\t\t<\/div>\n\t\t","protected":false},"excerpt":{"rendered":"<p>\ud83d\udce8 L\u2019H\u00f4tel des Postes (apr\u00e8s 1903) \ud83c\udfeb Le Grand H\u00f4tel des Poste et T\u00e9l\u00e9graphes ou Poste Centrale a \u00e9t\u00e9 b\u00e2ti de 1889 \u00e0 1891, apr\u00e8s le percement de la rue Colbert et l\u2019am\u00e9nagement du quartier. D\u2019inspiration post-haussmannienne, sa fa\u00e7ade mesure 110 m de long. Le b\u00e2timent imagin\u00e9 par l\u2019architecte Joseph Henry Huot s\u2019\u00e9tend sur trois [&hellip;]<\/p>\n","protected":false},"author":1,"featured_media":373,"comment_status":"open","ping_status":"open","sticky":false,"template":"","format":"standard","meta":{"footnotes":""},"categories":[4],"tags":[5],"class_list":["post-372","post","type-post","status-publish","format-standard","has-post-thumbnail","hentry","category-avant-apres","tag-avant-apres"],"_links":{"self":[{"href":"https:\/\/marseilleavantapres.fr\/index.php\/wp-json\/wp\/v2\/posts\/372","targetHints":{"allow":["GET"]}}],"collection":[{"href":"https:\/\/marseilleavantapres.fr\/index.php\/wp-json\/wp\/v2\/posts"}],"about":[{"href":"https:\/\/marseilleavantapres.fr\/index.php\/wp-json\/wp\/v2\/types\/post"}],"author":[{"embeddable":true,"href":"https:\/\/marseilleavantapres.fr\/index.php\/wp-json\/wp\/v2\/users\/1"}],"replies":[{"embeddable":true,"href":"https:\/\/marseilleavantapres.fr\/index.php\/wp-json\/wp\/v2\/comments?post=372"}],"version-history":[{"count":8,"href":"https:\/\/marseilleavantapres.fr\/index.php\/wp-json\/wp\/v2\/posts\/372\/revisions"}],"predecessor-version":[{"id":383,"href":"https:\/\/marseilleavantapres.fr\/index.php\/wp-json\/wp\/v2\/posts\/372\/revisions\/383"}],"wp:featuredmedia":[{"embeddable":true,"href":"https:\/\/marseilleavantapres.fr\/index.php\/wp-json\/wp\/v2\/media\/373"}],"wp:attachment":[{"href":"https:\/\/marseilleavantapres.fr\/index.php\/wp-json\/wp\/v2\/media?parent=372"}],"wp:term":[{"taxonomy":"category","embeddable":true,"href":"https:\/\/marseilleavantapres.fr\/index.php\/wp-json\/wp\/v2\/categories?post=372"},{"taxonomy":"post_tag","embeddable":true,"href":"https:\/\/marseilleavantapres.fr\/index.php\/wp-json\/wp\/v2\/tags?post=372"}],"curies":[{"name":"wp","href":"https:\/\/api.w.org\/{rel}","templated":true}]}}