{"id":362,"date":"2024-09-17T18:01:26","date_gmt":"2024-09-17T16:01:26","guid":{"rendered":"https:\/\/marseilleavantapres.fr\/?p=362"},"modified":"2024-09-17T18:01:28","modified_gmt":"2024-09-17T16:01:28","slug":"un-avion-passe-sous-le-pont-transbordeur","status":"publish","type":"post","link":"https:\/\/marseilleavantapres.fr\/index.php\/2024\/09\/17\/un-avion-passe-sous-le-pont-transbordeur\/","title":{"rendered":"Un avion passe sous le pont Transbordeur"},"content":{"rendered":"\t\t<div data-elementor-type=\"wp-post\" data-elementor-id=\"362\" class=\"elementor elementor-362\" data-elementor-post-type=\"post\">\n\t\t\t\t<div class=\"elementor-element elementor-element-98a832c e-flex e-con-boxed e-con e-parent\" data-id=\"98a832c\" data-element_type=\"container\">\n\t\t\t\t\t<div class=\"e-con-inner\">\n\t\t\t\t<div class=\"elementor-element elementor-element-4c13a5d elementor-widget elementor-widget-image\" data-id=\"4c13a5d\" data-element_type=\"widget\" data-widget_type=\"image.default\">\n\t\t\t\t<div class=\"elementor-widget-container\">\n\t\t\t\t\t\t\t\t\t\t\t\t\t\t\t<img fetchpriority=\"high\" decoding=\"async\" width=\"580\" height=\"404\" src=\"https:\/\/marseilleavantapres.fr\/wp-content\/uploads\/2024\/09\/00_St-Jean-Avion-photomontage.jpg\" class=\"attachment-large size-large wp-image-363\" alt=\"un avion passe sous le pont transbordeur\" srcset=\"https:\/\/marseilleavantapres.fr\/wp-content\/uploads\/2024\/09\/00_St-Jean-Avion-photomontage.jpg 970w, https:\/\/marseilleavantapres.fr\/wp-content\/uploads\/2024\/09\/00_St-Jean-Avion-photomontage-300x209.jpg 300w, https:\/\/marseilleavantapres.fr\/wp-content\/uploads\/2024\/09\/00_St-Jean-Avion-photomontage-768x535.jpg 768w\" sizes=\"(max-width: 580px) 100vw, 580px\" \/>\t\t\t\t\t\t\t\t\t\t\t\t\t\t\t<\/div>\n\t\t\t\t<\/div>\n\t\t\t\t\t<\/div>\n\t\t\t\t<\/div>\n\t\t<div class=\"elementor-element elementor-element-62a634f e-flex e-con-boxed e-con e-parent\" data-id=\"62a634f\" data-element_type=\"container\">\n\t\t\t\t\t<div class=\"e-con-inner\">\n\t\t\t\t<div class=\"elementor-element elementor-element-342702e elementor-widget elementor-widget-text-editor\" data-id=\"342702e\" data-element_type=\"widget\" data-widget_type=\"text-editor.default\">\n\t\t\t\t<div class=\"elementor-widget-container\">\n\t\t\t\t\t\t\t\t\t<div class=\"x9f619 xjbqb8w x78zum5 x168nmei x13lgxp2 x5pf9jr xo71vjh xw3qccf x1n2onr6 x1plvlek xryxfnj x1c4vz4f x2lah0s xdt5ytf xqjyukv x1qjc9v5 x1oa3qoh x1nhvcw1\"><p>\u267e\ufe0f Un avion passe sous le Pont Transbordeur en mai 1912.<\/p><\/div><div class=\"_a9zs\"><p>\ud83d\udee9\ufe0f Ce clich\u00e9 exceptionnel montre un monoplane Gnome, pilot\u00e9 par L\u00e9once Ehrmann, en train de passer sous le Pont Transbordeur durant la Semaine de l\u2019Aviation de Marseille (mai 1912) !<\/p><p>\ud83c\udf09 Pour rappel, de 1905 \u00e0 1944, les rives du Vieux Port \u00e9taient reli\u00e9es par un pont \u00e0 plateau : le Pont Transbordeur. Sa praticit\u00e9 et son design imposant l&rsquo;ont rendu tr\u00e8s populaire dans le c\u0153ur des marseillaises et marseillais, au point de devenir un symbole de la ville.<\/p><p>\ud83d\udeb4\ud83e\uddbe \u2708\ufe0f L\u00e9once Ehrmann (1877-1914) \u00e9tait un homme aux multiples talents. Athl\u00e8te polyvalent, il fait carri\u00e8re dans le cyclisme en Afrique du Nord, mais n\u2019atteindra pas jamais la reconnaissance internationale. Il y parvient n\u00e9anmoins en tant que pilote, aux temps des pionniers de l\u2019aviation o\u00f9 son audace n\u2019avait d\u2019\u00e9gal que sa t\u00e9m\u00e9rit\u00e9 \u00e0 tenter les plus dangereuses figures. Il le paiera de sa vie : il d\u00e9c\u00e8de dans un accident d\u2019avion en 1914.<\/p><p>\ud83d\udd0eLe clich\u00e9 est tir\u00e9 des archives du Smithsonian Institute, comme l\u2019indique le logo en haut \u00e0 gauche. La notice indique : \u00ab Vue du monoplan Deperdussin, peut-\u00eatre un Type C, pilot\u00e9 par Jules V\u00e9drines, en vol juste apr\u00e8s \u00eatre pass\u00e9 sous le Pont Transbordeur \u00e0 Marseille, France, pendant la Semaine de l&rsquo;Aviation de Marseille, probablement au cours de 1911. \u00bb<\/p><\/div>\t\t\t\t\t\t\t\t<\/div>\n\t\t\t\t<\/div>\n\t\t\t\t<div class=\"elementor-element elementor-element-e7e320d elementor-widget elementor-widget-image\" data-id=\"e7e320d\" data-element_type=\"widget\" data-widget_type=\"image.default\">\n\t\t\t\t<div class=\"elementor-widget-container\">\n\t\t\t\t\t\t\t\t\t\t\t\t\t\t\t<img decoding=\"async\" width=\"580\" height=\"404\" src=\"https:\/\/marseilleavantapres.fr\/wp-content\/uploads\/2024\/09\/03_Journaux.jpg\" class=\"attachment-large size-large wp-image-366\" alt=\"\" srcset=\"https:\/\/marseilleavantapres.fr\/wp-content\/uploads\/2024\/09\/03_Journaux.jpg 970w, https:\/\/marseilleavantapres.fr\/wp-content\/uploads\/2024\/09\/03_Journaux-300x209.jpg 300w, https:\/\/marseilleavantapres.fr\/wp-content\/uploads\/2024\/09\/03_Journaux-768x535.jpg 768w\" sizes=\"(max-width: 580px) 100vw, 580px\" \/>\t\t\t\t\t\t\t\t\t\t\t\t\t\t\t<\/div>\n\t\t\t\t<\/div>\n\t\t\t\t<div class=\"elementor-element elementor-element-e985048 elementor-widget elementor-widget-text-editor\" data-id=\"e985048\" data-element_type=\"widget\" data-widget_type=\"text-editor.default\">\n\t\t\t\t<div class=\"elementor-widget-container\">\n\t\t\t\t\t\t\t\t\t<div class=\"x9f619 xjbqb8w x78zum5 x168nmei x13lgxp2 x5pf9jr xo71vjh xw3qccf x1n2onr6 x1plvlek xryxfnj x1c4vz4f x2lah0s xdt5ytf xqjyukv x1qjc9v5 x1oa3qoh x1nhvcw1\">\u2753Or cet exploit n&rsquo;appara\u00eet pas dans la biographie de Jules V\u00e9drines (1881-1919)\u2026 Aviateur fran\u00e7ais c\u00e9l\u00e9br\u00e9 pour ses victoires en course et son engagement lors de la 1ere GM, V\u00e9drines est \u00e9galement connu pour avoir atterrit, en 1919, sur le toit des Galeries Lafayette. Apr\u00e8s quelques recherches, la coupure du journal \u201cL&rsquo;Intransigeant, 29 mai 1912\u201d attribue \u00e0 Ehrmann cet exploit.<\/div><div>\u00a0<\/div><div class=\"_a9zs\"><p>\ud83d\udcf8 Photo\u00a0Smithsonian Institution &#8211; id propix.494077884 &#8211; Licence CC0 1.0 Universal &#8211; Article de \u201cL\u2019Intransigeant\u201d disponible sur le site de Retro News<\/p><\/div>\t\t\t\t\t\t\t\t<\/div>\n\t\t\t\t<\/div>\n\t\t\t\t\t<\/div>\n\t\t\t\t<\/div>\n\t\t<div class=\"elementor-element elementor-element-06d5b46 e-flex e-con-boxed e-con e-parent\" data-id=\"06d5b46\" data-element_type=\"container\">\n\t\t\t\t\t<div class=\"e-con-inner\">\n\t\t\t\t<div class=\"elementor-element elementor-element-3e950c2 elementor-widget elementor-widget-qi_addons_for_elementor_before_after\" data-id=\"3e950c2\" data-element_type=\"widget\" data-widget_type=\"qi_addons_for_elementor_before_after.default\">\n\t\t\t\t<div class=\"elementor-widget-container\">\n\t\t\t\t\t<div class=\"qodef-shortcode qodef-m  qodef-qi-before-after qodef--horizontal\">\n\t<div class=\"qodef-before-after-image-holder qodef-m-image\" data-offset=\"50\">\n\t\t<img decoding=\"async\" width=\"970\" height=\"676\" src=\"https:\/\/marseilleavantapres.fr\/wp-content\/uploads\/2024\/09\/01_St-Jean-Avion-avant.jpg\" class=\"attachment-full size-full\" alt=\"\" srcset=\"https:\/\/marseilleavantapres.fr\/wp-content\/uploads\/2024\/09\/01_St-Jean-Avion-avant.jpg 970w, https:\/\/marseilleavantapres.fr\/wp-content\/uploads\/2024\/09\/01_St-Jean-Avion-avant-300x209.jpg 300w, https:\/\/marseilleavantapres.fr\/wp-content\/uploads\/2024\/09\/01_St-Jean-Avion-avant-768x535.jpg 768w\" sizes=\"(max-width: 970px) 100vw, 970px\" \/><img loading=\"lazy\" decoding=\"async\" width=\"970\" height=\"676\" src=\"https:\/\/marseilleavantapres.fr\/wp-content\/uploads\/2024\/09\/02_St-Jean-Avion-apres.jpg\" class=\"attachment-full size-full\" alt=\"\" srcset=\"https:\/\/marseilleavantapres.fr\/wp-content\/uploads\/2024\/09\/02_St-Jean-Avion-apres.jpg 970w, https:\/\/marseilleavantapres.fr\/wp-content\/uploads\/2024\/09\/02_St-Jean-Avion-apres-300x209.jpg 300w, https:\/\/marseilleavantapres.fr\/wp-content\/uploads\/2024\/09\/02_St-Jean-Avion-apres-768x535.jpg 768w\" sizes=\"(max-width: 970px) 100vw, 970px\" \/>\t<\/div>\n\t\t\t<div class=\"qodef-handle-text\">\n\t\t\tGlisser\t\t<\/div>\n\t<\/div>\n\t\t\t\t<\/div>\n\t\t\t\t<\/div>\n\t\t\t\t\t<\/div>\n\t\t\t\t<\/div>\n\t\t\t\t<\/div>\n\t\t","protected":false},"excerpt":{"rendered":"<p>\u267e\ufe0f Un avion passe sous le Pont Transbordeur en mai 1912. \ud83d\udee9\ufe0f Ce clich\u00e9 exceptionnel montre un monoplane Gnome, pilot\u00e9 par L\u00e9once Ehrmann, en train de passer sous le Pont Transbordeur durant la Semaine de l\u2019Aviation de Marseille (mai 1912) ! \ud83c\udf09 Pour rappel, de 1905 \u00e0 1944, les rives du Vieux Port \u00e9taient reli\u00e9es [&hellip;]<\/p>\n","protected":false},"author":1,"featured_media":363,"comment_status":"open","ping_status":"open","sticky":false,"template":"","format":"standard","meta":{"footnotes":""},"categories":[4],"tags":[5],"class_list":["post-362","post","type-post","status-publish","format-standard","has-post-thumbnail","hentry","category-avant-apres","tag-avant-apres"],"_links":{"self":[{"href":"https:\/\/marseilleavantapres.fr\/index.php\/wp-json\/wp\/v2\/posts\/362","targetHints":{"allow":["GET"]}}],"collection":[{"href":"https:\/\/marseilleavantapres.fr\/index.php\/wp-json\/wp\/v2\/posts"}],"about":[{"href":"https:\/\/marseilleavantapres.fr\/index.php\/wp-json\/wp\/v2\/types\/post"}],"author":[{"embeddable":true,"href":"https:\/\/marseilleavantapres.fr\/index.php\/wp-json\/wp\/v2\/users\/1"}],"replies":[{"embeddable":true,"href":"https:\/\/marseilleavantapres.fr\/index.php\/wp-json\/wp\/v2\/comments?post=362"}],"version-history":[{"count":4,"href":"https:\/\/marseilleavantapres.fr\/index.php\/wp-json\/wp\/v2\/posts\/362\/revisions"}],"predecessor-version":[{"id":371,"href":"https:\/\/marseilleavantapres.fr\/index.php\/wp-json\/wp\/v2\/posts\/362\/revisions\/371"}],"wp:featuredmedia":[{"embeddable":true,"href":"https:\/\/marseilleavantapres.fr\/index.php\/wp-json\/wp\/v2\/media\/363"}],"wp:attachment":[{"href":"https:\/\/marseilleavantapres.fr\/index.php\/wp-json\/wp\/v2\/media?parent=362"}],"wp:term":[{"taxonomy":"category","embeddable":true,"href":"https:\/\/marseilleavantapres.fr\/index.php\/wp-json\/wp\/v2\/categories?post=362"},{"taxonomy":"post_tag","embeddable":true,"href":"https:\/\/marseilleavantapres.fr\/index.php\/wp-json\/wp\/v2\/tags?post=362"}],"curies":[{"name":"wp","href":"https:\/\/api.w.org\/{rel}","templated":true}]}}