{"id":351,"date":"2024-09-17T17:49:05","date_gmt":"2024-09-17T15:49:05","guid":{"rendered":"https:\/\/marseilleavantapres.fr\/?p=351"},"modified":"2024-09-17T17:50:29","modified_gmt":"2024-09-17T15:50:29","slug":"les-allees-de-meilhan","status":"publish","type":"post","link":"https:\/\/marseilleavantapres.fr\/index.php\/2024\/09\/17\/les-allees-de-meilhan\/","title":{"rendered":"Les All\u00e9es de Meilhan"},"content":{"rendered":"\t\t<div data-elementor-type=\"wp-post\" data-elementor-id=\"351\" class=\"elementor elementor-351\" data-elementor-post-type=\"post\">\n\t\t\t\t<div class=\"elementor-element elementor-element-a7a6002 e-flex e-con-boxed e-con e-parent\" data-id=\"a7a6002\" data-element_type=\"container\">\n\t\t\t\t\t<div class=\"e-con-inner\">\n\t\t\t\t<div class=\"elementor-element elementor-element-0b281b4 elementor-widget elementor-widget-image\" data-id=\"0b281b4\" data-element_type=\"widget\" data-widget_type=\"image.default\">\n\t\t\t\t<div class=\"elementor-widget-container\">\n\t\t\t\t\t\t\t\t\t\t\t\t\t\t\t<img fetchpriority=\"high\" decoding=\"async\" width=\"580\" height=\"372\" src=\"https:\/\/marseilleavantapres.fr\/wp-content\/uploads\/2024\/09\/00-Allees-de-Meilhan-photomontage-1024x656.jpg\" class=\"attachment-large size-large wp-image-353\" alt=\"les all\u00e9es de meilhan \u00e0 Marseille\" srcset=\"https:\/\/marseilleavantapres.fr\/wp-content\/uploads\/2024\/09\/00-Allees-de-Meilhan-photomontage-1024x656.jpg 1024w, https:\/\/marseilleavantapres.fr\/wp-content\/uploads\/2024\/09\/00-Allees-de-Meilhan-photomontage-300x192.jpg 300w, https:\/\/marseilleavantapres.fr\/wp-content\/uploads\/2024\/09\/00-Allees-de-Meilhan-photomontage-768x492.jpg 768w, https:\/\/marseilleavantapres.fr\/wp-content\/uploads\/2024\/09\/00-Allees-de-Meilhan-photomontage-1536x984.jpg 1536w, https:\/\/marseilleavantapres.fr\/wp-content\/uploads\/2024\/09\/00-Allees-de-Meilhan-photomontage-1200x769.jpg 1200w, https:\/\/marseilleavantapres.fr\/wp-content\/uploads\/2024\/09\/00-Allees-de-Meilhan-photomontage.jpg 1632w\" sizes=\"(max-width: 580px) 100vw, 580px\" \/>\t\t\t\t\t\t\t\t\t\t\t\t\t\t\t<\/div>\n\t\t\t\t<\/div>\n\t\t\t\t\t<\/div>\n\t\t\t\t<\/div>\n\t\t<div class=\"elementor-element elementor-element-c3f2f54 e-flex e-con-boxed e-con e-parent\" data-id=\"c3f2f54\" data-element_type=\"container\">\n\t\t\t\t\t<div class=\"e-con-inner\">\n\t\t\t\t<div class=\"elementor-element elementor-element-6323b12 elementor-widget elementor-widget-text-editor\" data-id=\"6323b12\" data-element_type=\"widget\" data-widget_type=\"text-editor.default\">\n\t\t\t\t<div class=\"elementor-widget-container\">\n\t\t\t\t\t\t\t\t\t<p class=\"_ap3a _aaco _aacu _aacx _aad7 _aade\" dir=\"auto\">\u2b05\ufe0f Les all\u00e9es de Meilhan, des promeneurs, au d\u00e9but du si\u00e8cle dernier.<\/p><p>\u2757Pour rappel, la Canebi\u00e8re est ouverte \u00e0 la suite des travaux d\u2019agrandissement de Marseille mise en place par Louis XIV en 1666. On pr\u00e9voyait, d\u00e8s les premiers plans, la cr\u00e9ation d\u2019une promenade publique au-del\u00e0 des remparts. Les travaux de ces all\u00e9es ne sont achev\u00e9s qu\u2019en 1775 gr\u00e2ce \u00e0 l\u2019intendant de Provence, S\u00e9nac de Meilhan. Pour le remercier d\u2019avoir limit\u00e9 le retard du chantier \u00e0 seulement 109 ans, on donne son nom \u00e0 la voie nouvellement cr\u00e9\u00e9e. Les all\u00e9es de Meilhan sont une sous-partie de la c\u00e9l\u00e8bre avenue, et s\u2019\u00e9tendent alors du cours Lieutaud aux R\u00e9form\u00e9s.<\/p><p>Ayant \u00e9t\u00e9 finalis\u00e9 apr\u00e8s les parties inf\u00e9rieures, vous remarquerez que le style des immeubles diff\u00e8re du reste du b\u00e2ti. Ils datent en effet pour la plupart de la fin du 18e. Les all\u00e9es de Meilhan accueillent de nombreuses guinguettes, o\u00f9 se tiennent f\u00eates, banquets et r\u00e9unions publiques. On y vient aussi visiter la foire aux plantes aromatiques, puis la fameuse Foire \u00e0 l\u2019ail ou encore la Foire aux santons. C\u2019est en 1927 que la Canebi\u00e8re est \u00ab\u2009r\u00e9unifi\u00e9e\u2009\u00bb et que dispara\u00eet officiellement l\u2019appellation \u00ab\u2009all\u00e9es de Meilhan\u2009\u00bb.<\/p><p>\u267e\ufe0f Au n\u00b0 117, Canebi\u00e8re, en plein milieu de feu les all\u00e9es, vous trouverez Le Plan de A \u00e0 Z. C\u2019est un tiers lieu culinaire, solidaire &amp; anti-gaspi qui a ouvert ses portes il y a un an. Cette cantine v\u00e9g\u00e9tarienne et solidaire propose des plats inventifs cr\u00e9\u00e9s d\u2019apr\u00e8s des invendus et des produits en circuit court. <a class=\"x1i10hfl xjbqb8w x1ejq31n xd10rxx x1sy0etr x17r0tee x972fbf xcfux6l x1qhh985 xm0m39n x9f619 x1ypdohk xt0psk2 xe8uvvx xdj266r x11i5rnm xat24cr x1mh8g0r xexx8yu x4uap5 x18d9i69 xkhd6sd x16tdsg8 x1hl2dhg xggy1nq x1a2a7pz notranslate _a6hd\" tabindex=\"0\" role=\"link\" href=\"https:\/\/www.instagram.com\/leplanduplan\/\">@leplanduplan<\/a>, c\u2019est aussi un lieu culturel avec plein d\u2019activit\u00e9s propos\u00e9es tout au long de l\u2019ann\u00e9e, tout \u00e7a dans le but de redynamiser la Canebi\u00e8re, comme au temps des guinguettes\u2026<\/p><p>\ud83d\udcecCarte postale Archives Municipales de Marseille 88 Fi 46<br \/>Photo contemporaine Marseille A.A.<\/p>\t\t\t\t\t\t\t\t<\/div>\n\t\t\t\t<\/div>\n\t\t\t\t\t<\/div>\n\t\t\t\t<\/div>\n\t\t<div class=\"elementor-element elementor-element-30080f5 e-flex e-con-boxed e-con e-parent\" data-id=\"30080f5\" data-element_type=\"container\">\n\t\t\t\t\t<div class=\"e-con-inner\">\n\t\t\t\t<div class=\"elementor-element elementor-element-3c02ad4 elementor-widget elementor-widget-qi_addons_for_elementor_before_after\" data-id=\"3c02ad4\" data-element_type=\"widget\" data-widget_type=\"qi_addons_for_elementor_before_after.default\">\n\t\t\t\t<div class=\"elementor-widget-container\">\n\t\t\t\t\t<div class=\"qodef-shortcode qodef-m  qodef-qi-before-after qodef--horizontal\">\n\t<div class=\"qodef-before-after-image-holder qodef-m-image\" data-offset=\"50\">\n\t\t<img decoding=\"async\" width=\"1632\" height=\"1046\" src=\"https:\/\/marseilleavantapres.fr\/wp-content\/uploads\/2024\/09\/01-Allees-de-Meilhan-avant.jpg\" class=\"attachment-full size-full\" alt=\"carte postale des all\u00e9es de meilhan au 19e si\u00e8cle\" srcset=\"https:\/\/marseilleavantapres.fr\/wp-content\/uploads\/2024\/09\/01-Allees-de-Meilhan-avant.jpg 1632w, https:\/\/marseilleavantapres.fr\/wp-content\/uploads\/2024\/09\/01-Allees-de-Meilhan-avant-300x192.jpg 300w, https:\/\/marseilleavantapres.fr\/wp-content\/uploads\/2024\/09\/01-Allees-de-Meilhan-avant-1024x656.jpg 1024w, https:\/\/marseilleavantapres.fr\/wp-content\/uploads\/2024\/09\/01-Allees-de-Meilhan-avant-768x492.jpg 768w, https:\/\/marseilleavantapres.fr\/wp-content\/uploads\/2024\/09\/01-Allees-de-Meilhan-avant-1536x984.jpg 1536w, https:\/\/marseilleavantapres.fr\/wp-content\/uploads\/2024\/09\/01-Allees-de-Meilhan-avant-1200x769.jpg 1200w\" sizes=\"(max-width: 1632px) 100vw, 1632px\" \/><img decoding=\"async\" width=\"1632\" height=\"1046\" src=\"https:\/\/marseilleavantapres.fr\/wp-content\/uploads\/2024\/09\/02-Allees-de-Meilhan-apres.jpg\" class=\"attachment-full size-full\" alt=\"les all\u00e9es de meilhan en 2024\" srcset=\"https:\/\/marseilleavantapres.fr\/wp-content\/uploads\/2024\/09\/02-Allees-de-Meilhan-apres.jpg 1632w, https:\/\/marseilleavantapres.fr\/wp-content\/uploads\/2024\/09\/02-Allees-de-Meilhan-apres-300x192.jpg 300w, https:\/\/marseilleavantapres.fr\/wp-content\/uploads\/2024\/09\/02-Allees-de-Meilhan-apres-1024x656.jpg 1024w, https:\/\/marseilleavantapres.fr\/wp-content\/uploads\/2024\/09\/02-Allees-de-Meilhan-apres-768x492.jpg 768w, https:\/\/marseilleavantapres.fr\/wp-content\/uploads\/2024\/09\/02-Allees-de-Meilhan-apres-1536x984.jpg 1536w, https:\/\/marseilleavantapres.fr\/wp-content\/uploads\/2024\/09\/02-Allees-de-Meilhan-apres-1200x769.jpg 1200w\" sizes=\"(max-width: 1632px) 100vw, 1632px\" \/>\t<\/div>\n\t\t\t<div class=\"qodef-handle-text\">\n\t\t\tGlisser\t\t<\/div>\n\t<\/div>\n\t\t\t\t<\/div>\n\t\t\t\t<\/div>\n\t\t\t\t\t<\/div>\n\t\t\t\t<\/div>\n\t\t\t\t<\/div>\n\t\t","protected":false},"excerpt":{"rendered":"<p>\u2b05\ufe0f Les all\u00e9es de Meilhan, des promeneurs, au d\u00e9but du si\u00e8cle dernier. \u2757Pour rappel, la Canebi\u00e8re est ouverte \u00e0 la suite des travaux d\u2019agrandissement de Marseille mise en place par Louis XIV en 1666. On pr\u00e9voyait, d\u00e8s les premiers plans, la cr\u00e9ation d\u2019une promenade publique au-del\u00e0 des remparts. Les travaux de ces all\u00e9es ne sont [&hellip;]<\/p>\n","protected":false},"author":1,"featured_media":353,"comment_status":"open","ping_status":"open","sticky":false,"template":"","format":"standard","meta":{"footnotes":""},"categories":[4],"tags":[5],"class_list":["post-351","post","type-post","status-publish","format-standard","has-post-thumbnail","hentry","category-avant-apres","tag-avant-apres"],"_links":{"self":[{"href":"https:\/\/marseilleavantapres.fr\/index.php\/wp-json\/wp\/v2\/posts\/351","targetHints":{"allow":["GET"]}}],"collection":[{"href":"https:\/\/marseilleavantapres.fr\/index.php\/wp-json\/wp\/v2\/posts"}],"about":[{"href":"https:\/\/marseilleavantapres.fr\/index.php\/wp-json\/wp\/v2\/types\/post"}],"author":[{"embeddable":true,"href":"https:\/\/marseilleavantapres.fr\/index.php\/wp-json\/wp\/v2\/users\/1"}],"replies":[{"embeddable":true,"href":"https:\/\/marseilleavantapres.fr\/index.php\/wp-json\/wp\/v2\/comments?post=351"}],"version-history":[{"count":7,"href":"https:\/\/marseilleavantapres.fr\/index.php\/wp-json\/wp\/v2\/posts\/351\/revisions"}],"predecessor-version":[{"id":361,"href":"https:\/\/marseilleavantapres.fr\/index.php\/wp-json\/wp\/v2\/posts\/351\/revisions\/361"}],"wp:featuredmedia":[{"embeddable":true,"href":"https:\/\/marseilleavantapres.fr\/index.php\/wp-json\/wp\/v2\/media\/353"}],"wp:attachment":[{"href":"https:\/\/marseilleavantapres.fr\/index.php\/wp-json\/wp\/v2\/media?parent=351"}],"wp:term":[{"taxonomy":"category","embeddable":true,"href":"https:\/\/marseilleavantapres.fr\/index.php\/wp-json\/wp\/v2\/categories?post=351"},{"taxonomy":"post_tag","embeddable":true,"href":"https:\/\/marseilleavantapres.fr\/index.php\/wp-json\/wp\/v2\/tags?post=351"}],"curies":[{"name":"wp","href":"https:\/\/api.w.org\/{rel}","templated":true}]}}