{"id":193,"date":"2024-07-10T18:29:30","date_gmt":"2024-07-10T16:29:30","guid":{"rendered":"https:\/\/marseilleavantapres.fr\/?p=193"},"modified":"2024-07-10T18:29:31","modified_gmt":"2024-07-10T16:29:31","slug":"le-boulevard-chave","status":"publish","type":"post","link":"https:\/\/marseilleavantapres.fr\/index.php\/2024\/07\/10\/le-boulevard-chave\/","title":{"rendered":"Le Boulevard Chave"},"content":{"rendered":"\t\t<div data-elementor-type=\"wp-post\" data-elementor-id=\"193\" class=\"elementor elementor-193\" data-elementor-post-type=\"post\">\n\t\t\t\t<div class=\"elementor-element elementor-element-abff793 e-flex e-con-boxed e-con e-parent\" data-id=\"abff793\" data-element_type=\"container\">\n\t\t\t\t\t<div class=\"e-con-inner\">\n\t\t\t\t<div class=\"elementor-element elementor-element-5f2546d elementor-widget elementor-widget-image\" data-id=\"5f2546d\" data-element_type=\"widget\" data-widget_type=\"image.default\">\n\t\t\t\t<div class=\"elementor-widget-container\">\n\t\t\t\t\t\t\t\t\t\t\t\t\t\t\t<img fetchpriority=\"high\" decoding=\"async\" width=\"580\" height=\"381\" src=\"https:\/\/marseilleavantapres.fr\/wp-content\/uploads\/2024\/07\/01_Chave_montage-1024x673.jpg\" class=\"attachment-large size-large wp-image-194\" alt=\"\" srcset=\"https:\/\/marseilleavantapres.fr\/wp-content\/uploads\/2024\/07\/01_Chave_montage-1024x673.jpg 1024w, https:\/\/marseilleavantapres.fr\/wp-content\/uploads\/2024\/07\/01_Chave_montage-300x197.jpg 300w, https:\/\/marseilleavantapres.fr\/wp-content\/uploads\/2024\/07\/01_Chave_montage-768x505.jpg 768w, https:\/\/marseilleavantapres.fr\/wp-content\/uploads\/2024\/07\/01_Chave_montage.jpg 1080w\" sizes=\"(max-width: 580px) 100vw, 580px\" \/>\t\t\t\t\t\t\t\t\t\t\t\t\t\t\t<\/div>\n\t\t\t\t<\/div>\n\t\t\t\t\t<\/div>\n\t\t\t\t<\/div>\n\t\t<div class=\"elementor-element elementor-element-c623e4f e-flex e-con-boxed e-con e-parent\" data-id=\"c623e4f\" data-element_type=\"container\">\n\t\t\t\t\t<div class=\"e-con-inner\">\n\t\t\t\t<div class=\"elementor-element elementor-element-f42412e elementor-widget elementor-widget-text-editor\" data-id=\"f42412e\" data-element_type=\"widget\" data-widget_type=\"text-editor.default\">\n\t\t\t\t<div class=\"elementor-widget-container\">\n\t\t\t\t\t\t\t\t\t<p><img decoding=\"async\" class=\"emoji\" role=\"img\" draggable=\"false\" src=\"https:\/\/s.w.org\/images\/core\/emoji\/15.0.3\/svg\/267e.svg\" alt=\"\u267e\" \/>\ufe0f Le haut du boulevard Chave au d\u00e9but du XXe si\u00e8cle. L\u2019entr\u00e9e du tunnel du tramway est visible, en dessous de la Plaine.<\/p><p><img decoding=\"async\" class=\"emoji\" role=\"img\" draggable=\"false\" src=\"https:\/\/s.w.org\/images\/core\/emoji\/15.0.3\/svg\/1f465.svg\" alt=\"\ud83d\udc65\" \/> Ce boulevard doit son nom \u00e0 deux fr\u00e8res : Andr\u00e9 et Nicolas. C\u2019est l\u2019axe principal du quartier du Camas, qui reste rural jusqu\u2019au milieu du 19e. Marseille conna\u00eet alors de grands bouleversements urbanistiques, et les fr\u00e8res Chave, comme de nombreux autres propri\u00e9taires locaux, comptent bien en tirer profit.<\/p><p><img decoding=\"async\" class=\"emoji\" role=\"img\" draggable=\"false\" src=\"https:\/\/s.w.org\/images\/core\/emoji\/15.0.3\/svg\/1f9e9.svg\" alt=\"\ud83e\udde9\" \/> L\u2019endroit n\u2019est alors que bastides et terrains agricoles, en marge de la ville. Les deux entrepreneurs proposent un plan d\u2019urbanisme cl\u00e9 en main au conseil municipal. Et ils construisent m\u00eame un th\u00e9\u00e2tre pour attirer les bourgeois dans le quartier : le Th\u00e9\u00e2tre Chave. En somme, ils inventent le partenariat public-priv\u00e9 et la gentrification !<\/p><p><img decoding=\"async\" class=\"emoji\" role=\"img\" draggable=\"false\" src=\"https:\/\/s.w.org\/images\/core\/emoji\/15.0.3\/svg\/1f686.svg\" alt=\"\ud83d\ude86\" \/> Sur la carte postale d\u2019\u00e9poque, le tunnel du tramway est d\u00e9j\u00e0 l\u00e0. La ligne 68 \u201cNoailles\/St Pierre\u201d a \u00e9t\u00e9 en activit\u00e9 de 1893 \u00e0 2004. Elle ferme alors pour travaux et permet le renouveau de ce mode de transport en commun. Elle est la seule rescap\u00e9e d\u2019un des plus beaux et performants r\u00e9seaux de tramways de France, voire d\u2019Europe ! Elle n\u2019a d\u00fb son salut qu&rsquo;\u00e0 sa forte fr\u00e9quentation, et au tunnel Noailles, creus\u00e9 sous la Plaine pour \u00e9viter le d\u00e9nivel\u00e9.<\/p><p><img decoding=\"async\" class=\"emoji\" role=\"img\" draggable=\"false\" src=\"https:\/\/s.w.org\/images\/core\/emoji\/15.0.3\/svg\/25fc.svg\" alt=\"\u25fc\ufe0f\" \/> Dans la nuit du 9 au 10 avril 2023, une explosion d\u00e9truit un immeuble rue de Tivoli, provoquant le d\u00e9c\u00e8s de 8 personnes. Le quartier et la ville sont endeuill\u00e9s par cette catastrophe.<\/p><p><img decoding=\"async\" class=\"emoji\" role=\"img\" draggable=\"false\" src=\"https:\/\/s.w.org\/images\/core\/emoji\/15.0.3\/svg\/1f4f8.svg\" alt=\"\ud83d\udcf8\" \/> Archives Municipales de Marseille &#8211; cote 88 Fi 273<\/p>\t\t\t\t\t\t\t\t<\/div>\n\t\t\t\t<\/div>\n\t\t\t\t<div class=\"elementor-element elementor-element-2f4b739 elementor-widget elementor-widget-qi_addons_for_elementor_before_after\" data-id=\"2f4b739\" data-element_type=\"widget\" data-widget_type=\"qi_addons_for_elementor_before_after.default\">\n\t\t\t\t<div class=\"elementor-widget-container\">\n\t\t\t\t\t<div class=\"qodef-shortcode qodef-m  qodef-qi-before-after qodef--horizontal\">\n\t<div class=\"qodef-before-after-image-holder qodef-m-image\" data-offset=\"50\">\n\t\t<img decoding=\"async\" width=\"1080\" height=\"710\" src=\"https:\/\/marseilleavantapres.fr\/wp-content\/uploads\/2024\/07\/02_Chave_avant.jpg\" class=\"attachment-full size-full\" alt=\"\" srcset=\"https:\/\/marseilleavantapres.fr\/wp-content\/uploads\/2024\/07\/02_Chave_avant.jpg 1080w, https:\/\/marseilleavantapres.fr\/wp-content\/uploads\/2024\/07\/02_Chave_avant-300x197.jpg 300w, https:\/\/marseilleavantapres.fr\/wp-content\/uploads\/2024\/07\/02_Chave_avant-1024x673.jpg 1024w, https:\/\/marseilleavantapres.fr\/wp-content\/uploads\/2024\/07\/02_Chave_avant-768x505.jpg 768w\" sizes=\"(max-width: 1080px) 100vw, 1080px\" \/><img decoding=\"async\" width=\"1080\" height=\"710\" src=\"https:\/\/marseilleavantapres.fr\/wp-content\/uploads\/2024\/07\/03_Chave_apres.jpg\" class=\"attachment-full size-full\" alt=\"\" srcset=\"https:\/\/marseilleavantapres.fr\/wp-content\/uploads\/2024\/07\/03_Chave_apres.jpg 1080w, https:\/\/marseilleavantapres.fr\/wp-content\/uploads\/2024\/07\/03_Chave_apres-300x197.jpg 300w, https:\/\/marseilleavantapres.fr\/wp-content\/uploads\/2024\/07\/03_Chave_apres-1024x673.jpg 1024w, https:\/\/marseilleavantapres.fr\/wp-content\/uploads\/2024\/07\/03_Chave_apres-768x505.jpg 768w\" sizes=\"(max-width: 1080px) 100vw, 1080px\" \/>\t<\/div>\n\t\t\t<div class=\"qodef-handle-text\">\n\t\t\tGlisser\t\t<\/div>\n\t<\/div>\n\t\t\t\t<\/div>\n\t\t\t\t<\/div>\n\t\t\t\t\t<\/div>\n\t\t\t\t<\/div>\n\t\t\t\t<\/div>\n\t\t","protected":false},"excerpt":{"rendered":"<p>\u267e\ufe0fLe haut du boulevard Chave au d\u00e9but du XXe si\u00e8cle. L\u2019entr\u00e9e du tunnel du tramway est visible, en dessous de la Plaine.<\/p>\n","protected":false},"author":1,"featured_media":194,"comment_status":"closed","ping_status":"closed","sticky":false,"template":"","format":"standard","meta":{"footnotes":""},"categories":[4],"tags":[5],"class_list":["post-193","post","type-post","status-publish","format-standard","has-post-thumbnail","hentry","category-avant-apres","tag-avant-apres"],"_links":{"self":[{"href":"https:\/\/marseilleavantapres.fr\/index.php\/wp-json\/wp\/v2\/posts\/193","targetHints":{"allow":["GET"]}}],"collection":[{"href":"https:\/\/marseilleavantapres.fr\/index.php\/wp-json\/wp\/v2\/posts"}],"about":[{"href":"https:\/\/marseilleavantapres.fr\/index.php\/wp-json\/wp\/v2\/types\/post"}],"author":[{"embeddable":true,"href":"https:\/\/marseilleavantapres.fr\/index.php\/wp-json\/wp\/v2\/users\/1"}],"replies":[{"embeddable":true,"href":"https:\/\/marseilleavantapres.fr\/index.php\/wp-json\/wp\/v2\/comments?post=193"}],"version-history":[{"count":7,"href":"https:\/\/marseilleavantapres.fr\/index.php\/wp-json\/wp\/v2\/posts\/193\/revisions"}],"predecessor-version":[{"id":203,"href":"https:\/\/marseilleavantapres.fr\/index.php\/wp-json\/wp\/v2\/posts\/193\/revisions\/203"}],"wp:featuredmedia":[{"embeddable":true,"href":"https:\/\/marseilleavantapres.fr\/index.php\/wp-json\/wp\/v2\/media\/194"}],"wp:attachment":[{"href":"https:\/\/marseilleavantapres.fr\/index.php\/wp-json\/wp\/v2\/media?parent=193"}],"wp:term":[{"taxonomy":"category","embeddable":true,"href":"https:\/\/marseilleavantapres.fr\/index.php\/wp-json\/wp\/v2\/categories?post=193"},{"taxonomy":"post_tag","embeddable":true,"href":"https:\/\/marseilleavantapres.fr\/index.php\/wp-json\/wp\/v2\/tags?post=193"}],"curies":[{"name":"wp","href":"https:\/\/api.w.org\/{rel}","templated":true}]}}