{"id":157,"date":"2024-07-10T18:22:10","date_gmt":"2024-07-10T16:22:10","guid":{"rendered":"https:\/\/marseilleavantapres.fr\/?p=157"},"modified":"2024-07-10T18:23:06","modified_gmt":"2024-07-10T16:23:06","slug":"la-plage-du-prophete","status":"publish","type":"post","link":"https:\/\/marseilleavantapres.fr\/index.php\/2024\/07\/10\/la-plage-du-prophete\/","title":{"rendered":"La plage du Proph\u00e8te"},"content":{"rendered":"\t\t<div data-elementor-type=\"wp-post\" data-elementor-id=\"157\" class=\"elementor elementor-157\" data-elementor-post-type=\"post\">\n\t\t\t\t<div class=\"elementor-element elementor-element-529fd8d e-flex e-con-boxed e-con e-parent\" data-id=\"529fd8d\" data-element_type=\"container\">\n\t\t\t\t\t<div class=\"e-con-inner\">\n\t\t\t\t<div class=\"elementor-element elementor-element-bf34aac elementor-widget elementor-widget-image\" data-id=\"bf34aac\" data-element_type=\"widget\" data-widget_type=\"image.default\">\n\t\t\t\t<div class=\"elementor-widget-container\">\n\t\t\t\t\t\t\t\t\t\t\t\t\t\t\t<img fetchpriority=\"high\" decoding=\"async\" width=\"580\" height=\"370\" src=\"https:\/\/marseilleavantapres.fr\/wp-content\/uploads\/2024\/07\/00_Corniche_prophete_photomontage-1024x654.jpg\" class=\"attachment-large size-large wp-image-159\" alt=\"\" srcset=\"https:\/\/marseilleavantapres.fr\/wp-content\/uploads\/2024\/07\/00_Corniche_prophete_photomontage-1024x654.jpg 1024w, https:\/\/marseilleavantapres.fr\/wp-content\/uploads\/2024\/07\/00_Corniche_prophete_photomontage-300x192.jpg 300w, https:\/\/marseilleavantapres.fr\/wp-content\/uploads\/2024\/07\/00_Corniche_prophete_photomontage-768x491.jpg 768w, https:\/\/marseilleavantapres.fr\/wp-content\/uploads\/2024\/07\/00_Corniche_prophete_photomontage.jpg 1080w\" sizes=\"(max-width: 580px) 100vw, 580px\" \/>\t\t\t\t\t\t\t\t\t\t\t\t\t\t\t<\/div>\n\t\t\t\t<\/div>\n\t\t\t\t<div class=\"elementor-element elementor-element-ea31612 elementor-widget elementor-widget-text-editor\" data-id=\"ea31612\" data-element_type=\"widget\" data-widget_type=\"text-editor.default\">\n\t\t\t\t<div class=\"elementor-widget-container\">\n\t\t\t\t\t\t\t\t\t<p>\u2b05\ufe0f La plage du Proph\u00e8te avec ses cabanons de p\u00eacheurs, des curieux aux premiers plans et dans les hauteurs, les belles villas des riches n\u00e9gociants&#8230;<\/p><p>\ud83c\udfd6\ufe0fSitu\u00e9e en contrebas de la Corniche, \u00e0 mi-chemin entre le Vieux Port et le Prado, cette plage de sable entour\u00e9e de rochers, mesure 145 m de long par 95 de large.<\/p><p>\u26f5\u00c0 de multiples reprises, la Mairie voulut transformer cette anse en un port de plaisance. En 1894, le conseil municipal d\u00e9cide de la construction d\u2019une digue de 72 m afin de cr\u00e9er un grand bassin d\u2019eau. Objectif : d\u00e9gager les algues qui emboucanaient l\u2019air jusqu\u2019aux villas des richissimes sur la colline.<br \/>Malheureusement (pour eux) et heureusement (pour tous les autres), Pos\u00e9idon \ud83d\udd31 en d\u00e9cida autrement et s\u2019ent\u00eata \u00e0 ensabler la petite baie, pour le plus grand bonheur des p\u00eacheurs log\u00e9s dans leur habitat modeste. Le projet fut abandonn\u00e9.<\/p><p>\ud83d\udcf8 Archives Municipales de Marseille &#8211; Collection Galanti &#8211; 88 Fi 322 &#8211; d\u00e9but du XXe<br \/>Initialement publi\u00e9e le 3 juillet 2023 sur Instagram<\/p>\t\t\t\t\t\t\t\t<\/div>\n\t\t\t\t<\/div>\n\t\t\t\t<div class=\"elementor-element elementor-element-7deca37 elementor-widget elementor-widget-qi_addons_for_elementor_before_after\" data-id=\"7deca37\" data-element_type=\"widget\" data-widget_type=\"qi_addons_for_elementor_before_after.default\">\n\t\t\t\t<div class=\"elementor-widget-container\">\n\t\t\t\t\t<div class=\"qodef-shortcode qodef-m  qodef-qi-before-after qodef--horizontal\">\n\t<div class=\"qodef-before-after-image-holder qodef-m-image\" data-offset=\"50\">\n\t\t<img decoding=\"async\" width=\"1080\" height=\"690\" src=\"https:\/\/marseilleavantapres.fr\/wp-content\/uploads\/2024\/07\/01_Corniche_prophete_avant.jpg\" class=\"attachment-full size-full\" alt=\"\" srcset=\"https:\/\/marseilleavantapres.fr\/wp-content\/uploads\/2024\/07\/01_Corniche_prophete_avant.jpg 1080w, https:\/\/marseilleavantapres.fr\/wp-content\/uploads\/2024\/07\/01_Corniche_prophete_avant-300x192.jpg 300w, https:\/\/marseilleavantapres.fr\/wp-content\/uploads\/2024\/07\/01_Corniche_prophete_avant-1024x654.jpg 1024w, https:\/\/marseilleavantapres.fr\/wp-content\/uploads\/2024\/07\/01_Corniche_prophete_avant-768x491.jpg 768w\" sizes=\"(max-width: 1080px) 100vw, 1080px\" \/><img decoding=\"async\" width=\"1080\" height=\"690\" src=\"https:\/\/marseilleavantapres.fr\/wp-content\/uploads\/2024\/07\/02_Corniche_prophete_apres.jpg\" class=\"attachment-full size-full\" alt=\"\" srcset=\"https:\/\/marseilleavantapres.fr\/wp-content\/uploads\/2024\/07\/02_Corniche_prophete_apres.jpg 1080w, https:\/\/marseilleavantapres.fr\/wp-content\/uploads\/2024\/07\/02_Corniche_prophete_apres-300x192.jpg 300w, https:\/\/marseilleavantapres.fr\/wp-content\/uploads\/2024\/07\/02_Corniche_prophete_apres-1024x654.jpg 1024w, https:\/\/marseilleavantapres.fr\/wp-content\/uploads\/2024\/07\/02_Corniche_prophete_apres-768x491.jpg 768w\" sizes=\"(max-width: 1080px) 100vw, 1080px\" \/>\t<\/div>\n\t\t\t<div class=\"qodef-handle-text\">\n\t\t\tGlisser\t\t<\/div>\n\t<\/div>\n\t\t\t\t<\/div>\n\t\t\t\t<\/div>\n\t\t\t\t\t<\/div>\n\t\t\t\t<\/div>\n\t\t\t\t<\/div>\n\t\t","protected":false},"excerpt":{"rendered":"<p>\u2b05\ufe0f La plage du Proph\u00e8te avec ses cabanons de p\u00eacheurs, des curieux aux premiers plans et dans les hauteurs, les belles villas des riches n\u00e9gociants&#8230; <\/p>\n","protected":false},"author":1,"featured_media":159,"comment_status":"closed","ping_status":"closed","sticky":false,"template":"","format":"standard","meta":{"footnotes":""},"categories":[4],"tags":[5],"class_list":["post-157","post","type-post","status-publish","format-standard","has-post-thumbnail","hentry","category-avant-apres","tag-avant-apres"],"_links":{"self":[{"href":"https:\/\/marseilleavantapres.fr\/index.php\/wp-json\/wp\/v2\/posts\/157","targetHints":{"allow":["GET"]}}],"collection":[{"href":"https:\/\/marseilleavantapres.fr\/index.php\/wp-json\/wp\/v2\/posts"}],"about":[{"href":"https:\/\/marseilleavantapres.fr\/index.php\/wp-json\/wp\/v2\/types\/post"}],"author":[{"embeddable":true,"href":"https:\/\/marseilleavantapres.fr\/index.php\/wp-json\/wp\/v2\/users\/1"}],"replies":[{"embeddable":true,"href":"https:\/\/marseilleavantapres.fr\/index.php\/wp-json\/wp\/v2\/comments?post=157"}],"version-history":[{"count":14,"href":"https:\/\/marseilleavantapres.fr\/index.php\/wp-json\/wp\/v2\/posts\/157\/revisions"}],"predecessor-version":[{"id":192,"href":"https:\/\/marseilleavantapres.fr\/index.php\/wp-json\/wp\/v2\/posts\/157\/revisions\/192"}],"wp:featuredmedia":[{"embeddable":true,"href":"https:\/\/marseilleavantapres.fr\/index.php\/wp-json\/wp\/v2\/media\/159"}],"wp:attachment":[{"href":"https:\/\/marseilleavantapres.fr\/index.php\/wp-json\/wp\/v2\/media?parent=157"}],"wp:term":[{"taxonomy":"category","embeddable":true,"href":"https:\/\/marseilleavantapres.fr\/index.php\/wp-json\/wp\/v2\/categories?post=157"},{"taxonomy":"post_tag","embeddable":true,"href":"https:\/\/marseilleavantapres.fr\/index.php\/wp-json\/wp\/v2\/tags?post=157"}],"curies":[{"name":"wp","href":"https:\/\/api.w.org\/{rel}","templated":true}]}}